{"id":3147,"date":"2024-10-04T11:18:28","date_gmt":"2024-10-04T11:18:28","guid":{"rendered":"https:\/\/jointstories.eu\/?p=3147"},"modified":"2025-04-08T08:49:05","modified_gmt":"2025-04-08T08:49:05","slug":"inkluusio-ja-digitalisaatio-suomalaisessa-yhteiskunnassa-maahanmuuttajien-nakokulmasta","status":"publish","type":"post","link":"https:\/\/jointstories.eu\/sl\/inkluusio-ja-digitalisaatio-suomalaisessa-yhteiskunnassa-maahanmuuttajien-nakokulmasta\/","title":{"rendered":"Inkluusio ja digitalisaatio suomalaisessa yhteiskunnassa maahanmuuttajien n\u00e4k\u00f6kulmasta"},"content":{"rendered":"<div data-elementor-type=\"wp-post\" data-elementor-id=\"3147\" class=\"elementor elementor-3147\" data-elementor-settings=\"{&quot;ha_cmc_init_switcher&quot;:&quot;no&quot;}\">\n\t\t\t\t\t\t<section class=\"elementor-section elementor-top-section elementor-element elementor-element-64555778 elementor-section-boxed elementor-section-height-default elementor-section-height-default wpr-particle-no wpr-jarallax-no wpr-parallax-no wpr-sticky-section-no wpr-equal-height-no\" data-id=\"64555778\" data-element_type=\"section\" data-e-type=\"section\">\n\t\t\t\t\t\t<div class=\"elementor-container elementor-column-gap-no\">\n\t\t\t\t\t<div class=\"elementor-column elementor-col-100 elementor-top-column elementor-element elementor-element-47346218\" data-id=\"47346218\" data-element_type=\"column\" data-e-type=\"column\">\n\t\t\t<div class=\"elementor-widget-wrap elementor-element-populated\">\n\t\t\t\t\t\t<div class=\"elementor-element elementor-element-16966c0 elementor-widget elementor-widget-heading\" data-id=\"16966c0\" data-element_type=\"widget\" data-e-type=\"widget\" data-widget_type=\"heading.default\">\n\t\t\t\t\t<h2 class=\"elementor-heading-title elementor-size-default\">Inkluusio ja digitalisaatio suomalaisessa yhteiskunnassa maahanmuuttajien n\u00e4k\u00f6kulmasta <\/h2>\t\t\t\t<\/div>\n\t\t\t\t<div class=\"elementor-element elementor-element-4bedf1bf elementor-widget elementor-widget-text-editor\" data-id=\"4bedf1bf\" data-element_type=\"widget\" data-e-type=\"widget\" data-widget_type=\"text-editor.default\">\n\t\t\t\t\t\t\t\t\t<p><\/p>\n<p>Matti Meril\u00e4inen<\/p>\n<p>Sosionomi, YAMK<\/p>\n<p>2024<\/p>\n<p>Laurea<\/p>\n<p><\/p>\t\t\t\t\t\t\t\t<\/div>\n\t\t\t\t<div class=\"elementor-element elementor-element-d2ee33e elementor-widget elementor-widget-text-editor\" data-id=\"d2ee33e\" data-element_type=\"widget\" data-e-type=\"widget\" data-widget_type=\"text-editor.default\">\n\t\t\t\t\t\t\t\t\t<h4>Johdanto<\/h4>\n<p>K\u00e4sittelen t\u00e4ss\u00e4 artikkelissa maahanmuuttajien inkluusiota digitalisaation n\u00e4k\u00f6kulmasta, sill\u00e4 digitalisaatio on ollut yhten\u00e4 kev\u00e4\u00e4n teemana rikosseuraamusalan opinnoissani ja toisaalta kulttuurien integraatio maahanmuuttokysymyksineen on jatkuvasti esill\u00e4 mediassa ja viime vuosina erityisen ajankohtainen aihealue. Kuitenkin digitalisaation, maahanmuuton ja inkluusion n\u00e4k\u00f6kulma tuntui minulle hieman erilaiselta l\u00e4hestymistavalta t\u00e4h\u00e4n ajankohtaiseen asiaan. Inkluusio k\u00e4sitteen\u00e4 mieltyy helposti pelk\u00e4st\u00e4\u00e4n suomalaisessa keskustelussa opetusmaailman haasteeksi sulauttaa eri taustoista tulleita maailman parhaana pidettyyn koulumalliin ja pohjoismaiseen demokratiaan. Tuon artikkelissa ensiksi esille digitalisaation ja inkluusion merkityst\u00e4 sek\u00e4 mit\u00e4 haasteita erityisesti maahanmuuttajat ja muista kulttuureista suomalaiseen yhteiskuntaan tulleet kohtaavat yleisesti. K\u00e4sittelen muutamaa positiivista esimerkki\u00e4 onnistuneista inkluusioprojekteista, jotka soveltuvat digitaaliseen yhteiskunnan kontekstiin. Artikkeli pyrkii tuomaan esille digitalisaatiossa piilev\u00e4\u00e4 mahdollisuutta ja potentiaalia inkluusion yhten\u00e4 ulottuvuutena ja kuinka sit\u00e4 voidaan hy\u00f6dynt\u00e4\u00e4 kulttuurien sulautumis- sek\u00e4 integraatioprosessissa valtav\u00e4est\u00f6\u00f6n. Toisaalta on hyv\u00e4 pohtia, mit\u00e4 haasteita yhteiskunnan rakenteet itsess\u00e4\u00e4n asettavat kansalaisille digitalisaation yleistyess\u00e4, joista nostan s\u00e4hk\u00f6isen tunnistautumisen n\u00e4k\u00f6kulman t\u00e4ss\u00e4 artikkelissa esiin. Maahanmuuttajalla tarkoitan t\u00e4ss\u00e4 artikkelissa henkil\u00f6\u00e4, joka on syntynyt ulkomailla ja muuttanut Suomeen. Terveyden ja hyvinvoinnin laitoksen Monisuomi 2022 -tutkimuksen mukaan (Kuusio H, M\u00e4kip\u00e4\u00e4 L, Klemettil\u00e4 K, Nyk\u00e4nen S, Kyt\u00f6 S, Lilja E 2023). Valtaosalla maahan muuttaneista on digitaaliseen asiointiin tarvittavat v\u00e4lineet k\u00e4yt\u00f6ss\u00e4\u00e4n ja niiden k\u00e4ytt\u00f6 on yleistynyt viiden vuoden aikana. Kuitenkin haastatteluaineistoon osallistuneilla oli itsearvioiden hyvinkin suuria eroja omassa digitaalisessa osaamisessaan ja maahanmuuttajaryhm\u00e4n sis\u00e4ll\u00e4 olevien ryhmien v\u00e4lill\u00e4 on suuria eroja osaamisessa. Erityisesti L\u00e4hi-id\u00e4n, Afrikan ja Kaakkois-Asian maista tulleilla naisilla oli erityisen suuria eroja verrattaessa muuhun maahanmuuttajaryhm\u00e4\u00e4n tai kantav\u00e4est\u00f6\u00f6n. My\u00f6s ik\u00e4ryhmitt\u00e4in havaittiin suuria eroja digiosaamisen suhteen; nuorilla tarvittavat taidot l\u00f6ytyiv\u00e4t useammin kuin vanhemmilla ik\u00e4ryhmill\u00e4 mik\u00e4 mukailee kantav\u00e4est\u00f6n ik\u00e4ryhmien tuloksia. (Kuusio H, leto 2023, 3.)<\/p>\t\t\t\t\t\t\t\t<\/div>\n\t\t\t\t<div class=\"elementor-element elementor-element-041e114 elementor-widget elementor-widget-button\" data-id=\"041e114\" data-element_type=\"widget\" data-e-type=\"widget\" data-widget_type=\"button.default\">\n\t\t\t\t\t\t\t\t\t\t<a class=\"elementor-button elementor-button-link elementor-size-sm\" href=\"https:\/\/jointstories.eu\/wp-content\/uploads\/2024\/10\/JeS-Merilainen-Inkluusio-ja-digitalisaatio.pdf\">\n\t\t\t\t\t\t<span class=\"elementor-button-content-wrapper\">\n\t\t\t\t\t\t\t\t\t<span class=\"elementor-button-text\">Prenesi<\/span>\n\t\t\t\t\t<\/span>\n\t\t\t\t\t<\/a>\n\t\t\t\t\t\t\t\t<\/div>\n\t\t\t\t\t<\/div>\n\t\t<\/div>\n\t\t\t\t\t<\/div>\n\t\t<\/section>\n\t\t\t\t<section class=\"elementor-section elementor-top-section elementor-element elementor-element-40a5098 elementor-section-full_width elementor-section-height-default elementor-section-height-default wpr-particle-no wpr-jarallax-no wpr-parallax-no wpr-sticky-section-no wpr-equal-height-no\" data-id=\"40a5098\" data-element_type=\"section\" data-e-type=\"section\" data-settings=\"{&quot;background_background&quot;:&quot;gradient&quot;}\">\n\t\t\t\t\t\t<div class=\"elementor-container elementor-column-gap-default\">\n\t\t\t\t\t<div class=\"elementor-column elementor-col-100 elementor-top-column elementor-element elementor-element-774d0033\" data-id=\"774d0033\" data-element_type=\"column\" data-e-type=\"column\" data-settings=\"{&quot;background_background&quot;:&quot;classic&quot;}\">\n\t\t\t<div class=\"elementor-widget-wrap elementor-element-populated\">\n\t\t\t\t\t<div class=\"elementor-background-overlay\"><\/div>\n\t\t\t\t\t\t<div class=\"elementor-element elementor-element-5ad34542 elementor-widget elementor-widget-heading\" data-id=\"5ad34542\" data-element_type=\"widget\" data-e-type=\"widget\" data-widget_type=\"heading.default\">\n\t\t\t\t\t<h3 class=\"elementor-heading-title elementor-size-default\">Partnerji<\/h3>\t\t\t\t<\/div>\n\t\t\t\t<section class=\"elementor-section elementor-inner-section elementor-element elementor-element-43284b58 elementor-section-full_width elementor-section-height-default elementor-section-height-default wpr-particle-no wpr-jarallax-no wpr-parallax-no wpr-sticky-section-no wpr-equal-height-no\" data-id=\"43284b58\" data-element_type=\"section\" data-e-type=\"section\" data-settings=\"{&quot;background_background&quot;:&quot;classic&quot;}\">\n\t\t\t\t\t\t<div class=\"elementor-container elementor-column-gap-no\">\n\t\t\t\t\t<div class=\"elementor-column elementor-col-16 elementor-inner-column elementor-element elementor-element-1978f2d5\" data-id=\"1978f2d5\" data-element_type=\"column\" data-e-type=\"column\">\n\t\t\t<div class=\"elementor-widget-wrap elementor-element-populated\">\n\t\t\t\t\t\t<div class=\"elementor-element elementor-element-11daad92 elementor-widget elementor-widget-image\" data-id=\"11daad92\" data-element_type=\"widget\" data-e-type=\"widget\" data-widget_type=\"image.default\">\n\t\t\t\t\t\t\t\t\t\t\t\t\t\t\t\t<a href=\"https:\/\/www.um.si\/en\/home-page\/\" target=\"_blank\">\n\t\t\t\t\t\t\t<img decoding=\"async\" width=\"222\" height=\"119\" src=\"https:\/\/jointstories.eu\/wp-content\/uploads\/2023\/04\/MAribor.png\" class=\"elementor-animation-grow attachment-full size-full wp-image-2037\" alt=\"University of Maribor\" srcset=\"https:\/\/jointstories.eu\/wp-content\/uploads\/2023\/04\/MAribor.png 222w, https:\/\/jointstories.eu\/wp-content\/uploads\/2023\/04\/MAribor-18x10.png 18w\" sizes=\"(max-width: 222px) 100vw, 222px\" \/>\t\t\t\t\t\t\t\t<\/a>\n\t\t\t\t\t\t\t\t\t\t\t\t\t\t\t<\/div>\n\t\t\t\t\t<\/div>\n\t\t<\/div>\n\t\t\t\t<div class=\"elementor-column elementor-col-16 elementor-inner-column elementor-element elementor-element-74026ace\" data-id=\"74026ace\" data-element_type=\"column\" data-e-type=\"column\">\n\t\t\t<div class=\"elementor-widget-wrap elementor-element-populated\">\n\t\t\t\t\t\t<div class=\"elementor-element elementor-element-5e66a083 elementor-widget elementor-widget-image\" data-id=\"5e66a083\" data-element_type=\"widget\" data-e-type=\"widget\" data-widget_type=\"image.default\">\n\t\t\t\t\t\t\t\t\t\t\t\t\t\t\t\t<a href=\"https:\/\/europeanmigrantplatform.eu\/\" target=\"_blank\">\n\t\t\t\t\t\t\t<img decoding=\"async\" width=\"222\" height=\"119\" src=\"https:\/\/jointstories.eu\/wp-content\/uploads\/2023\/04\/EMP.png\" class=\"elementor-animation-grow attachment-full size-full wp-image-2033\" alt=\"European Migrant Platform\" srcset=\"https:\/\/jointstories.eu\/wp-content\/uploads\/2023\/04\/EMP.png 222w, https:\/\/jointstories.eu\/wp-content\/uploads\/2023\/04\/EMP-18x10.png 18w\" sizes=\"(max-width: 222px) 100vw, 222px\" \/>\t\t\t\t\t\t\t\t<\/a>\n\t\t\t\t\t\t\t\t\t\t\t\t\t\t\t<\/div>\n\t\t\t\t\t<\/div>\n\t\t<\/div>\n\t\t\t\t<div class=\"elementor-column elementor-col-16 elementor-inner-column elementor-element elementor-element-4143be27\" data-id=\"4143be27\" data-element_type=\"column\" data-e-type=\"column\">\n\t\t\t<div class=\"elementor-widget-wrap elementor-element-populated\">\n\t\t\t\t\t\t<div class=\"elementor-element elementor-element-d8364ce elementor-widget elementor-widget-image\" data-id=\"d8364ce\" data-element_type=\"widget\" data-e-type=\"widget\" data-widget_type=\"image.default\">\n\t\t\t\t\t\t\t\t\t\t\t\t\t\t\t\t<a href=\"https:\/\/www.laurea.fi\/en\/\" target=\"_blank\">\n\t\t\t\t\t\t\t<img decoding=\"async\" width=\"222\" height=\"119\" src=\"https:\/\/jointstories.eu\/wp-content\/uploads\/2023\/04\/LAUREA.png\" class=\"elementor-animation-grow attachment-full size-full wp-image-2035\" alt=\"Laurea\" srcset=\"https:\/\/jointstories.eu\/wp-content\/uploads\/2023\/04\/LAUREA.png 222w, https:\/\/jointstories.eu\/wp-content\/uploads\/2023\/04\/LAUREA-18x10.png 18w\" sizes=\"(max-width: 222px) 100vw, 222px\" \/>\t\t\t\t\t\t\t\t<\/a>\n\t\t\t\t\t\t\t\t\t\t\t\t\t\t\t<\/div>\n\t\t\t\t\t<\/div>\n\t\t<\/div>\n\t\t\t\t<div class=\"elementor-column elementor-col-16 elementor-inner-column elementor-element elementor-element-7a13cf4a\" data-id=\"7a13cf4a\" data-element_type=\"column\" data-e-type=\"column\">\n\t\t\t<div class=\"elementor-widget-wrap elementor-element-populated\">\n\t\t\t\t\t\t<div class=\"elementor-element elementor-element-4875f276 elementor-widget elementor-widget-image\" data-id=\"4875f276\" data-element_type=\"widget\" data-e-type=\"widget\" data-widget_type=\"image.default\">\n\t\t\t\t\t\t\t\t\t\t\t\t<figure class=\"wp-caption\">\n\t\t\t\t\t\t\t\t\t\t\t<a href=\"https:\/\/www.ucll.be\/en\" target=\"_blank\">\n\t\t\t\t\t\t\t<img loading=\"lazy\" decoding=\"async\" width=\"222\" height=\"119\" src=\"https:\/\/jointstories.eu\/wp-content\/uploads\/2023\/04\/Logo_UCLL_ENG_RGB_negatief.png\" class=\"elementor-animation-grow attachment-full size-full wp-image-2036\" alt=\"University of Applied Sciences\" srcset=\"https:\/\/jointstories.eu\/wp-content\/uploads\/2023\/04\/Logo_UCLL_ENG_RGB_negatief.png 222w, https:\/\/jointstories.eu\/wp-content\/uploads\/2023\/04\/Logo_UCLL_ENG_RGB_negatief-18x10.png 18w\" sizes=\"(max-width: 222px) 100vw, 222px\" \/>\t\t\t\t\t\t\t\t<\/a>\n\t\t\t\t\t\t\t\t\t\t\t<figcaption class=\"widget-image-caption wp-caption-text\"><\/figcaption>\n\t\t\t\t\t\t\t\t\t\t<\/figure>\n\t\t\t\t\t\t\t\t\t<\/div>\n\t\t\t\t\t<\/div>\n\t\t<\/div>\n\t\t\t\t<div class=\"elementor-column elementor-col-16 elementor-inner-column elementor-element elementor-element-6b830c4b\" data-id=\"6b830c4b\" data-element_type=\"column\" data-e-type=\"column\">\n\t\t\t<div class=\"elementor-widget-wrap elementor-element-populated\">\n\t\t\t\t\t\t<div class=\"elementor-element elementor-element-23863170 elementor-widget elementor-widget-image\" data-id=\"23863170\" data-element_type=\"widget\" data-e-type=\"widget\" data-widget_type=\"image.default\">\n\t\t\t\t\t\t\t\t\t\t\t\t\t\t\t\t<a href=\"https:\/\/cesie.org\/\" target=\"_blank\">\n\t\t\t\t\t\t\t<img loading=\"lazy\" decoding=\"async\" width=\"222\" height=\"119\" src=\"https:\/\/jointstories.eu\/wp-content\/uploads\/2023\/04\/cesie.png\" class=\"elementor-animation-grow attachment-full size-full wp-image-2039\" alt=\"Cesie\" srcset=\"https:\/\/jointstories.eu\/wp-content\/uploads\/2023\/04\/cesie.png 222w, https:\/\/jointstories.eu\/wp-content\/uploads\/2023\/04\/cesie-18x10.png 18w\" sizes=\"(max-width: 222px) 100vw, 222px\" \/>\t\t\t\t\t\t\t\t<\/a>\n\t\t\t\t\t\t\t\t\t\t\t\t\t\t\t<\/div>\n\t\t\t\t\t<\/div>\n\t\t<\/div>\n\t\t\t\t<div class=\"elementor-column elementor-col-16 elementor-inner-column elementor-element elementor-element-75eb7b53\" data-id=\"75eb7b53\" data-element_type=\"column\" data-e-type=\"column\">\n\t\t\t<div class=\"elementor-widget-wrap elementor-element-populated\">\n\t\t\t\t\t\t<div class=\"elementor-element elementor-element-711950e1 elementor-widget elementor-widget-image\" data-id=\"711950e1\" data-element_type=\"widget\" data-e-type=\"widget\" data-widget_type=\"image.default\">\n\t\t\t\t\t\t\t\t\t\t\t\t\t\t\t\t<a href=\"https:\/\/incoma-projects.eu\/\" target=\"_blank\">\n\t\t\t\t\t\t\t<img loading=\"lazy\" decoding=\"async\" width=\"222\" height=\"119\" src=\"https:\/\/jointstories.eu\/wp-content\/uploads\/2023\/04\/incoma.png\" class=\"elementor-animation-grow attachment-full size-full wp-image-2034\" alt=\"INCOMA\" srcset=\"https:\/\/jointstories.eu\/wp-content\/uploads\/2023\/04\/incoma.png 222w, https:\/\/jointstories.eu\/wp-content\/uploads\/2023\/04\/incoma-18x10.png 18w\" sizes=\"(max-width: 222px) 100vw, 222px\" \/>\t\t\t\t\t\t\t\t<\/a>\n\t\t\t\t\t\t\t\t\t\t\t\t\t\t\t<\/div>\n\t\t\t\t\t<\/div>\n\t\t<\/div>\n\t\t\t\t\t<\/div>\n\t\t<\/section>\n\t\t\t\t\t<\/div>\n\t\t<\/div>\n\t\t\t\t\t<\/div>\n\t\t<\/section>\n\t\t\t\t<section class=\"elementor-section elementor-top-section elementor-element elementor-element-c57cac7 elementor-section-boxed elementor-section-height-default elementor-section-height-default wpr-particle-no wpr-jarallax-no wpr-parallax-no wpr-sticky-section-no wpr-equal-height-no\" data-id=\"c57cac7\" data-element_type=\"section\" data-e-type=\"section\">\n\t\t\t\t\t\t<div class=\"elementor-container elementor-column-gap-default\">\n\t\t\t\t\t<div class=\"elementor-column elementor-col-100 elementor-top-column elementor-element elementor-element-509aab9\" data-id=\"509aab9\" data-element_type=\"column\" data-e-type=\"column\">\n\t\t\t<div class=\"elementor-widget-wrap\">\n\t\t\t\t\t\t\t<\/div>\n\t\t<\/div>\n\t\t\t\t\t<\/div>\n\t\t<\/section>\n\t\t\t\t<\/div>","protected":false},"excerpt":{"rendered":"<p>K\u00e4sittelen t\u00e4ss\u00e4 artikkelissa maahanmuuttajien inkluusiota digitalisaation n\u00e4k\u00f6kulmasta, sill\u00e4 digitalisaatio on ollut yhten\u00e4 kev\u00e4\u00e4n teemana rikosseuraamusalan opinnoissani ja toisaalta kulttuurien integraatio maahanmuuttokysymyksineen on jatkuvasti esill\u00e4 mediassa ja viime vuosina erityisen<\/p>","protected":false},"author":8,"featured_media":0,"comment_status":"open","ping_status":"open","sticky":false,"template":"","format":"standard","meta":{"site-sidebar-layout":"default","site-content-layout":"","ast-site-content-layout":"default","site-content-style":"default","site-sidebar-style":"default","ast-global-header-display":"","ast-banner-title-visibility":"","ast-main-header-display":"","ast-hfb-above-header-display":"","ast-hfb-below-header-display":"","ast-hfb-mobile-header-display":"","site-post-title":"","ast-breadcrumbs-content":"","ast-featured-img":"","footer-sml-layout":"","ast-disable-related-posts":"","theme-transparent-header-meta":"","adv-header-id-meta":"","stick-header-meta":"","header-above-stick-meta":"","header-main-stick-meta":"","header-below-stick-meta":"","astra-migrate-meta-layouts":"set","ast-page-background-enabled":"default","ast-page-background-meta":{"desktop":{"background-color":"","background-image":"","background-repeat":"repeat","background-position":"center center","background-size":"auto","background-attachment":"scroll","background-type":"","background-media":"","overlay-type":"","overlay-color":"","overlay-opacity":"","overlay-gradient":""},"tablet":{"background-color":"","background-image":"","background-repeat":"repeat","background-position":"center center","background-size":"auto","background-attachment":"scroll","background-type":"","background-media":"","overlay-type":"","overlay-color":"","overlay-opacity":"","overlay-gradient":""},"mobile":{"background-color":"","background-image":"","background-repeat":"repeat","background-position":"center center","background-size":"auto","background-attachment":"scroll","background-type":"","background-media":"","overlay-type":"","overlay-color":"","overlay-opacity":"","overlay-gradient":""}},"ast-content-background-meta":{"desktop":{"background-color":"var(--ast-global-color-5)","background-image":"","background-repeat":"repeat","background-position":"center center","background-size":"auto","background-attachment":"scroll","background-type":"","background-media":"","overlay-type":"","overlay-color":"","overlay-opacity":"","overlay-gradient":""},"tablet":{"background-color":"var(--ast-global-color-5)","background-image":"","background-repeat":"repeat","background-position":"center center","background-size":"auto","background-attachment":"scroll","background-type":"","background-media":"","overlay-type":"","overlay-color":"","overlay-opacity":"","overlay-gradient":""},"mobile":{"background-color":"var(--ast-global-color-5)","background-image":"","background-repeat":"repeat","background-position":"center center","background-size":"auto","background-attachment":"scroll","background-type":"","background-media":"","overlay-type":"","overlay-color":"","overlay-opacity":"","overlay-gradient":""}},"footnotes":""},"categories":[46],"tags":[],"class_list":["post-3147","post","type-post","status-publish","format-standard","hentry","category-student-articles"],"yoast_head":"<!-- This site is optimized with the Yoast SEO plugin v27.5 - https:\/\/yoast.com\/product\/yoast-seo-wordpress\/ -->\n<title>Inkluusio ja digitalisaatio suomalaisessa yhteiskunnassa maahanmuuttajien n\u00e4k\u00f6kulmasta - JeS<\/title>\n<meta name=\"description\" content=\"This article examines the role of digital inclusion and its impact on immigrants in Finnish society. It explores the challenges immigrants, particularly women, face in the digital world and discusses successful inclusion projects. It also addresses the potential and obstacles of digital identity systems and the need for tailored support to enhance inclusion for marginalized groups.\" \/>\n<meta name=\"robots\" content=\"index, follow, max-snippet:-1, max-image-preview:large, max-video-preview:-1\" \/>\n<link rel=\"canonical\" href=\"https:\/\/jointstories.eu\/sl\/inkluusio-ja-digitalisaatio-suomalaisessa-yhteiskunnassa-maahanmuuttajien-nakokulmasta\/\" \/>\n<meta property=\"og:locale\" content=\"sl_SI\" \/>\n<meta property=\"og:type\" content=\"article\" \/>\n<meta property=\"og:title\" content=\"Inkluusio ja digitalisaatio suomalaisessa yhteiskunnassa maahanmuuttajien n\u00e4k\u00f6kulmasta - JeS\" \/>\n<meta property=\"og:description\" content=\"This article examines the role of digital inclusion and its impact on immigrants in Finnish society. It explores the challenges immigrants, particularly women, face in the digital world and discusses successful inclusion projects. It also addresses the potential and obstacles of digital identity systems and the need for tailored support to enhance inclusion for marginalized groups.\" \/>\n<meta property=\"og:url\" content=\"https:\/\/jointstories.eu\/sl\/inkluusio-ja-digitalisaatio-suomalaisessa-yhteiskunnassa-maahanmuuttajien-nakokulmasta\/\" \/>\n<meta property=\"og:site_name\" content=\"JeS\" \/>\n<meta property=\"article:publisher\" content=\"https:\/\/www.facebook.com\/RestARTcreativity\/\" \/>\n<meta property=\"article:published_time\" content=\"2024-10-04T11:18:28+00:00\" \/>\n<meta property=\"article:modified_time\" content=\"2025-04-08T08:49:05+00:00\" \/>\n<meta property=\"og:image\" content=\"https:\/\/jointstories.eu\/wp-content\/uploads\/2023\/04\/MAribor.png\" \/>\n<meta name=\"author\" content=\"Teniente Ripley\" \/>\n<meta name=\"twitter:card\" content=\"summary_large_image\" \/>\n<meta name=\"twitter:creator\" content=\"@restartproject4\" \/>\n<meta name=\"twitter:site\" content=\"@restartproject4\" \/>\n<meta name=\"twitter:label1\" content=\"Written by\" \/>\n\t<meta name=\"twitter:data1\" content=\"Teniente Ripley\" \/>\n\t<meta name=\"twitter:label2\" content=\"Est. reading time\" \/>\n\t<meta name=\"twitter:data2\" content=\"3 minute\" \/>\n<script type=\"application\/ld+json\" class=\"yoast-schema-graph\">{\"@context\":\"https:\\\/\\\/schema.org\",\"@graph\":[{\"@type\":\"Article\",\"@id\":\"https:\\\/\\\/jointstories.eu\\\/inkluusio-ja-digitalisaatio-suomalaisessa-yhteiskunnassa-maahanmuuttajien-nakokulmasta\\\/#article\",\"isPartOf\":{\"@id\":\"https:\\\/\\\/jointstories.eu\\\/inkluusio-ja-digitalisaatio-suomalaisessa-yhteiskunnassa-maahanmuuttajien-nakokulmasta\\\/\"},\"author\":{\"name\":\"Teniente Ripley\",\"@id\":\"https:\\\/\\\/jointstories.eu\\\/#\\\/schema\\\/person\\\/260b9a6503e9c288eec496e3d8635b19\"},\"headline\":\"Inkluusio ja digitalisaatio suomalaisessa yhteiskunnassa maahanmuuttajien n\u00e4k\u00f6kulmasta\",\"datePublished\":\"2024-10-04T11:18:28+00:00\",\"dateModified\":\"2025-04-08T08:49:05+00:00\",\"mainEntityOfPage\":{\"@id\":\"https:\\\/\\\/jointstories.eu\\\/inkluusio-ja-digitalisaatio-suomalaisessa-yhteiskunnassa-maahanmuuttajien-nakokulmasta\\\/\"},\"wordCount\":324,\"commentCount\":0,\"publisher\":{\"@id\":\"https:\\\/\\\/jointstories.eu\\\/#organization\"},\"image\":{\"@id\":\"https:\\\/\\\/jointstories.eu\\\/inkluusio-ja-digitalisaatio-suomalaisessa-yhteiskunnassa-maahanmuuttajien-nakokulmasta\\\/#primaryimage\"},\"thumbnailUrl\":\"https:\\\/\\\/jointstories.eu\\\/wp-content\\\/uploads\\\/2023\\\/04\\\/MAribor.png\",\"articleSection\":[\"Student articles\"],\"inLanguage\":\"sl-SI\",\"potentialAction\":[{\"@type\":\"CommentAction\",\"name\":\"Comment\",\"target\":[\"https:\\\/\\\/jointstories.eu\\\/inkluusio-ja-digitalisaatio-suomalaisessa-yhteiskunnassa-maahanmuuttajien-nakokulmasta\\\/#respond\"]}]},{\"@type\":\"WebPage\",\"@id\":\"https:\\\/\\\/jointstories.eu\\\/inkluusio-ja-digitalisaatio-suomalaisessa-yhteiskunnassa-maahanmuuttajien-nakokulmasta\\\/\",\"url\":\"https:\\\/\\\/jointstories.eu\\\/inkluusio-ja-digitalisaatio-suomalaisessa-yhteiskunnassa-maahanmuuttajien-nakokulmasta\\\/\",\"name\":\"Inkluusio ja digitalisaatio suomalaisessa yhteiskunnassa maahanmuuttajien n\u00e4k\u00f6kulmasta - JeS\",\"isPartOf\":{\"@id\":\"https:\\\/\\\/jointstories.eu\\\/#website\"},\"primaryImageOfPage\":{\"@id\":\"https:\\\/\\\/jointstories.eu\\\/inkluusio-ja-digitalisaatio-suomalaisessa-yhteiskunnassa-maahanmuuttajien-nakokulmasta\\\/#primaryimage\"},\"image\":{\"@id\":\"https:\\\/\\\/jointstories.eu\\\/inkluusio-ja-digitalisaatio-suomalaisessa-yhteiskunnassa-maahanmuuttajien-nakokulmasta\\\/#primaryimage\"},\"thumbnailUrl\":\"https:\\\/\\\/jointstories.eu\\\/wp-content\\\/uploads\\\/2023\\\/04\\\/MAribor.png\",\"datePublished\":\"2024-10-04T11:18:28+00:00\",\"dateModified\":\"2025-04-08T08:49:05+00:00\",\"description\":\"This article examines the role of digital inclusion and its impact on immigrants in Finnish society. It explores the challenges immigrants, particularly women, face in the digital world and discusses successful inclusion projects. It also addresses the potential and obstacles of digital identity systems and the need for tailored support to enhance inclusion for marginalized groups.\",\"breadcrumb\":{\"@id\":\"https:\\\/\\\/jointstories.eu\\\/inkluusio-ja-digitalisaatio-suomalaisessa-yhteiskunnassa-maahanmuuttajien-nakokulmasta\\\/#breadcrumb\"},\"inLanguage\":\"sl-SI\",\"potentialAction\":[{\"@type\":\"ReadAction\",\"target\":[\"https:\\\/\\\/jointstories.eu\\\/inkluusio-ja-digitalisaatio-suomalaisessa-yhteiskunnassa-maahanmuuttajien-nakokulmasta\\\/\"]}]},{\"@type\":\"ImageObject\",\"inLanguage\":\"sl-SI\",\"@id\":\"https:\\\/\\\/jointstories.eu\\\/inkluusio-ja-digitalisaatio-suomalaisessa-yhteiskunnassa-maahanmuuttajien-nakokulmasta\\\/#primaryimage\",\"url\":\"https:\\\/\\\/jointstories.eu\\\/wp-content\\\/uploads\\\/2023\\\/04\\\/MAribor.png\",\"contentUrl\":\"https:\\\/\\\/jointstories.eu\\\/wp-content\\\/uploads\\\/2023\\\/04\\\/MAribor.png\"},{\"@type\":\"BreadcrumbList\",\"@id\":\"https:\\\/\\\/jointstories.eu\\\/inkluusio-ja-digitalisaatio-suomalaisessa-yhteiskunnassa-maahanmuuttajien-nakokulmasta\\\/#breadcrumb\",\"itemListElement\":[{\"@type\":\"ListItem\",\"position\":1,\"name\":\"Portada\",\"item\":\"https:\\\/\\\/jointstories.eu\\\/\"},{\"@type\":\"ListItem\",\"position\":2,\"name\":\"Inkluusio ja digitalisaatio suomalaisessa yhteiskunnassa maahanmuuttajien n\u00e4k\u00f6kulmasta\"}]},{\"@type\":\"WebSite\",\"@id\":\"https:\\\/\\\/jointstories.eu\\\/#website\",\"url\":\"https:\\\/\\\/jointstories.eu\\\/\",\"name\":\"JeS\",\"description\":\"Joint Stories: Journeys from fear to fair\",\"publisher\":{\"@id\":\"https:\\\/\\\/jointstories.eu\\\/#organization\"},\"potentialAction\":[{\"@type\":\"SearchAction\",\"target\":{\"@type\":\"EntryPoint\",\"urlTemplate\":\"https:\\\/\\\/jointstories.eu\\\/?s={search_term_string}\"},\"query-input\":{\"@type\":\"PropertyValueSpecification\",\"valueRequired\":true,\"valueName\":\"search_term_string\"}}],\"inLanguage\":\"sl-SI\"},{\"@type\":\"Organization\",\"@id\":\"https:\\\/\\\/jointstories.eu\\\/#organization\",\"name\":\"JeS\",\"url\":\"https:\\\/\\\/jointstories.eu\\\/\",\"logo\":{\"@type\":\"ImageObject\",\"inLanguage\":\"sl-SI\",\"@id\":\"https:\\\/\\\/jointstories.eu\\\/#\\\/schema\\\/logo\\\/image\\\/\",\"url\":\"https:\\\/\\\/jointstories.eu\\\/wp-content\\\/uploads\\\/2022\\\/05\\\/LogoHomeRestart1920x960.png\",\"contentUrl\":\"https:\\\/\\\/jointstories.eu\\\/wp-content\\\/uploads\\\/2022\\\/05\\\/LogoHomeRestart1920x960.png\",\"width\":1920,\"height\":960,\"caption\":\"JeS\"},\"image\":{\"@id\":\"https:\\\/\\\/jointstories.eu\\\/#\\\/schema\\\/logo\\\/image\\\/\"},\"sameAs\":[\"https:\\\/\\\/www.facebook.com\\\/RestARTcreativity\\\/\",\"https:\\\/\\\/x.com\\\/restartproject4\",\"https:\\\/\\\/www.instagram.com\\\/rest.artproject\\\/\",\"https:\\\/\\\/www.youtube.com\\\/channel\\\/UCn2A6wwqZxKR5Ss_sj4aBrQ\"]},{\"@type\":\"Person\",\"@id\":\"https:\\\/\\\/jointstories.eu\\\/#\\\/schema\\\/person\\\/260b9a6503e9c288eec496e3d8635b19\",\"name\":\"Teniente Ripley\",\"image\":{\"@type\":\"ImageObject\",\"inLanguage\":\"sl-SI\",\"@id\":\"https:\\\/\\\/secure.gravatar.com\\\/avatar\\\/b81ee66d331fcad414f051ba9c311457006816aee9db788dbaf0084f0656cb6e?s=96&d=mm&r=g\",\"url\":\"https:\\\/\\\/secure.gravatar.com\\\/avatar\\\/b81ee66d331fcad414f051ba9c311457006816aee9db788dbaf0084f0656cb6e?s=96&d=mm&r=g\",\"contentUrl\":\"https:\\\/\\\/secure.gravatar.com\\\/avatar\\\/b81ee66d331fcad414f051ba9c311457006816aee9db788dbaf0084f0656cb6e?s=96&d=mm&r=g\",\"caption\":\"Teniente Ripley\"},\"url\":\"https:\\\/\\\/jointstories.eu\\\/sl\\\/author\\\/pili-incoma\\\/\"}]}<\/script>\n<!-- \/ Yoast SEO plugin. -->","yoast_head_json":{"title":"Inkluusio ja digitalisaatio suomalaisessa yhteiskunnassa maahanmuuttajien n\u00e4k\u00f6kulmasta - JeS","description":"Ta \u010dlanek preu\u010duje vlogo digitalne vklju\u010denosti in njen vpliv na priseljence v finski dru\u017ebi. Raziskuje izzive, s katerimi se priseljenci, zlasti \u017eenske, soo\u010dajo v digitalnem svetu, in obravnava uspe\u0161ne projekte vklju\u010devanja. Obravnava tudi potencial in ovire sistemov digitalne identitete ter potrebo po prilagojeni podpori za izbolj\u0161anje vklju\u010denosti marginaliziranih skupin.","robots":{"index":"index","follow":"follow","max-snippet":"max-snippet:-1","max-image-preview":"max-image-preview:large","max-video-preview":"max-video-preview:-1"},"canonical":"https:\/\/jointstories.eu\/sl\/inkluusio-ja-digitalisaatio-suomalaisessa-yhteiskunnassa-maahanmuuttajien-nakokulmasta\/","og_locale":"sl_SI","og_type":"article","og_title":"Inkluusio ja digitalisaatio suomalaisessa yhteiskunnassa maahanmuuttajien n\u00e4k\u00f6kulmasta - JeS","og_description":"This article examines the role of digital inclusion and its impact on immigrants in Finnish society. It explores the challenges immigrants, particularly women, face in the digital world and discusses successful inclusion projects. It also addresses the potential and obstacles of digital identity systems and the need for tailored support to enhance inclusion for marginalized groups.","og_url":"https:\/\/jointstories.eu\/sl\/inkluusio-ja-digitalisaatio-suomalaisessa-yhteiskunnassa-maahanmuuttajien-nakokulmasta\/","og_site_name":"JeS","article_publisher":"https:\/\/www.facebook.com\/RestARTcreativity\/","article_published_time":"2024-10-04T11:18:28+00:00","article_modified_time":"2025-04-08T08:49:05+00:00","og_image":[{"url":"https:\/\/jointstories.eu\/wp-content\/uploads\/2023\/04\/MAribor.png","type":"","width":"","height":""}],"author":"Teniente Ripley","twitter_card":"summary_large_image","twitter_creator":"@restartproject4","twitter_site":"@restartproject4","twitter_misc":{"Written by":"Teniente Ripley","Est. reading time":"3 minute"},"schema":{"@context":"https:\/\/schema.org","@graph":[{"@type":"Article","@id":"https:\/\/jointstories.eu\/inkluusio-ja-digitalisaatio-suomalaisessa-yhteiskunnassa-maahanmuuttajien-nakokulmasta\/#article","isPartOf":{"@id":"https:\/\/jointstories.eu\/inkluusio-ja-digitalisaatio-suomalaisessa-yhteiskunnassa-maahanmuuttajien-nakokulmasta\/"},"author":{"name":"Teniente Ripley","@id":"https:\/\/jointstories.eu\/#\/schema\/person\/260b9a6503e9c288eec496e3d8635b19"},"headline":"Inkluusio ja digitalisaatio suomalaisessa yhteiskunnassa maahanmuuttajien n\u00e4k\u00f6kulmasta","datePublished":"2024-10-04T11:18:28+00:00","dateModified":"2025-04-08T08:49:05+00:00","mainEntityOfPage":{"@id":"https:\/\/jointstories.eu\/inkluusio-ja-digitalisaatio-suomalaisessa-yhteiskunnassa-maahanmuuttajien-nakokulmasta\/"},"wordCount":324,"commentCount":0,"publisher":{"@id":"https:\/\/jointstories.eu\/#organization"},"image":{"@id":"https:\/\/jointstories.eu\/inkluusio-ja-digitalisaatio-suomalaisessa-yhteiskunnassa-maahanmuuttajien-nakokulmasta\/#primaryimage"},"thumbnailUrl":"https:\/\/jointstories.eu\/wp-content\/uploads\/2023\/04\/MAribor.png","articleSection":["Student articles"],"inLanguage":"sl-SI","potentialAction":[{"@type":"CommentAction","name":"Comment","target":["https:\/\/jointstories.eu\/inkluusio-ja-digitalisaatio-suomalaisessa-yhteiskunnassa-maahanmuuttajien-nakokulmasta\/#respond"]}]},{"@type":"WebPage","@id":"https:\/\/jointstories.eu\/inkluusio-ja-digitalisaatio-suomalaisessa-yhteiskunnassa-maahanmuuttajien-nakokulmasta\/","url":"https:\/\/jointstories.eu\/inkluusio-ja-digitalisaatio-suomalaisessa-yhteiskunnassa-maahanmuuttajien-nakokulmasta\/","name":"Inkluusio ja digitalisaatio suomalaisessa yhteiskunnassa maahanmuuttajien n\u00e4k\u00f6kulmasta - JeS","isPartOf":{"@id":"https:\/\/jointstories.eu\/#website"},"primaryImageOfPage":{"@id":"https:\/\/jointstories.eu\/inkluusio-ja-digitalisaatio-suomalaisessa-yhteiskunnassa-maahanmuuttajien-nakokulmasta\/#primaryimage"},"image":{"@id":"https:\/\/jointstories.eu\/inkluusio-ja-digitalisaatio-suomalaisessa-yhteiskunnassa-maahanmuuttajien-nakokulmasta\/#primaryimage"},"thumbnailUrl":"https:\/\/jointstories.eu\/wp-content\/uploads\/2023\/04\/MAribor.png","datePublished":"2024-10-04T11:18:28+00:00","dateModified":"2025-04-08T08:49:05+00:00","description":"Ta \u010dlanek preu\u010duje vlogo digitalne vklju\u010denosti in njen vpliv na priseljence v finski dru\u017ebi. Raziskuje izzive, s katerimi se priseljenci, zlasti \u017eenske, soo\u010dajo v digitalnem svetu, in obravnava uspe\u0161ne projekte vklju\u010devanja. Obravnava tudi potencial in ovire sistemov digitalne identitete ter potrebo po prilagojeni podpori za izbolj\u0161anje vklju\u010denosti marginaliziranih skupin.","breadcrumb":{"@id":"https:\/\/jointstories.eu\/inkluusio-ja-digitalisaatio-suomalaisessa-yhteiskunnassa-maahanmuuttajien-nakokulmasta\/#breadcrumb"},"inLanguage":"sl-SI","potentialAction":[{"@type":"ReadAction","target":["https:\/\/jointstories.eu\/inkluusio-ja-digitalisaatio-suomalaisessa-yhteiskunnassa-maahanmuuttajien-nakokulmasta\/"]}]},{"@type":"ImageObject","inLanguage":"sl-SI","@id":"https:\/\/jointstories.eu\/inkluusio-ja-digitalisaatio-suomalaisessa-yhteiskunnassa-maahanmuuttajien-nakokulmasta\/#primaryimage","url":"https:\/\/jointstories.eu\/wp-content\/uploads\/2023\/04\/MAribor.png","contentUrl":"https:\/\/jointstories.eu\/wp-content\/uploads\/2023\/04\/MAribor.png"},{"@type":"BreadcrumbList","@id":"https:\/\/jointstories.eu\/inkluusio-ja-digitalisaatio-suomalaisessa-yhteiskunnassa-maahanmuuttajien-nakokulmasta\/#breadcrumb","itemListElement":[{"@type":"ListItem","position":1,"name":"Portada","item":"https:\/\/jointstories.eu\/"},{"@type":"ListItem","position":2,"name":"Inkluusio ja digitalisaatio suomalaisessa yhteiskunnassa maahanmuuttajien n\u00e4k\u00f6kulmasta"}]},{"@type":"WebSite","@id":"https:\/\/jointstories.eu\/#website","url":"https:\/\/jointstories.eu\/","name":"JeS","description":"Skupne zgodbe: Popotovanja od strahu do po\u0161tenega","publisher":{"@id":"https:\/\/jointstories.eu\/#organization"},"potentialAction":[{"@type":"SearchAction","target":{"@type":"EntryPoint","urlTemplate":"https:\/\/jointstories.eu\/?s={search_term_string}"},"query-input":{"@type":"PropertyValueSpecification","valueRequired":true,"valueName":"search_term_string"}}],"inLanguage":"sl-SI"},{"@type":"Organization","@id":"https:\/\/jointstories.eu\/#organization","name":"JeS","url":"https:\/\/jointstories.eu\/","logo":{"@type":"ImageObject","inLanguage":"sl-SI","@id":"https:\/\/jointstories.eu\/#\/schema\/logo\/image\/","url":"https:\/\/jointstories.eu\/wp-content\/uploads\/2022\/05\/LogoHomeRestart1920x960.png","contentUrl":"https:\/\/jointstories.eu\/wp-content\/uploads\/2022\/05\/LogoHomeRestart1920x960.png","width":1920,"height":960,"caption":"JeS"},"image":{"@id":"https:\/\/jointstories.eu\/#\/schema\/logo\/image\/"},"sameAs":["https:\/\/www.facebook.com\/RestARTcreativity\/","https:\/\/x.com\/restartproject4","https:\/\/www.instagram.com\/rest.artproject\/","https:\/\/www.youtube.com\/channel\/UCn2A6wwqZxKR5Ss_sj4aBrQ"]},{"@type":"Person","@id":"https:\/\/jointstories.eu\/#\/schema\/person\/260b9a6503e9c288eec496e3d8635b19","name":"Teniente Ripley","image":{"@type":"ImageObject","inLanguage":"sl-SI","@id":"https:\/\/secure.gravatar.com\/avatar\/b81ee66d331fcad414f051ba9c311457006816aee9db788dbaf0084f0656cb6e?s=96&d=mm&r=g","url":"https:\/\/secure.gravatar.com\/avatar\/b81ee66d331fcad414f051ba9c311457006816aee9db788dbaf0084f0656cb6e?s=96&d=mm&r=g","contentUrl":"https:\/\/secure.gravatar.com\/avatar\/b81ee66d331fcad414f051ba9c311457006816aee9db788dbaf0084f0656cb6e?s=96&d=mm&r=g","caption":"Teniente Ripley"},"url":"https:\/\/jointstories.eu\/sl\/author\/pili-incoma\/"}]}},"_links":{"self":[{"href":"https:\/\/jointstories.eu\/sl\/wp-json\/wp\/v2\/posts\/3147","targetHints":{"allow":["GET"]}}],"collection":[{"href":"https:\/\/jointstories.eu\/sl\/wp-json\/wp\/v2\/posts"}],"about":[{"href":"https:\/\/jointstories.eu\/sl\/wp-json\/wp\/v2\/types\/post"}],"author":[{"embeddable":true,"href":"https:\/\/jointstories.eu\/sl\/wp-json\/wp\/v2\/users\/8"}],"replies":[{"embeddable":true,"href":"https:\/\/jointstories.eu\/sl\/wp-json\/wp\/v2\/comments?post=3147"}],"version-history":[{"count":6,"href":"https:\/\/jointstories.eu\/sl\/wp-json\/wp\/v2\/posts\/3147\/revisions"}],"predecessor-version":[{"id":3154,"href":"https:\/\/jointstories.eu\/sl\/wp-json\/wp\/v2\/posts\/3147\/revisions\/3154"}],"wp:attachment":[{"href":"https:\/\/jointstories.eu\/sl\/wp-json\/wp\/v2\/media?parent=3147"}],"wp:term":[{"taxonomy":"category","embeddable":true,"href":"https:\/\/jointstories.eu\/sl\/wp-json\/wp\/v2\/categories?post=3147"},{"taxonomy":"post_tag","embeddable":true,"href":"https:\/\/jointstories.eu\/sl\/wp-json\/wp\/v2\/tags?post=3147"}],"curies":[{"name":"delovni list","href":"https:\/\/api.w.org\/{rel}","templated":true}]}}