{"id":4604,"date":"2025-07-22T12:20:58","date_gmt":"2025-07-22T12:20:58","guid":{"rendered":"https:\/\/jointstories.eu\/?p=4604"},"modified":"2025-07-22T12:24:06","modified_gmt":"2025-07-22T12:24:06","slug":"progressing-towards-change-jes-enters-workpackage-4","status":"publish","type":"post","link":"https:\/\/jointstories.eu\/fr\/progressing-towards-change-jes-enters-workpackage-4\/","title":{"rendered":"Vers le changement\u00a0: JeS rejoint le WorkPackage 4"},"content":{"rendered":"<div data-elementor-type=\"wp-post\" data-elementor-id=\"4604\" class=\"elementor elementor-4604\" data-elementor-settings=\"{&quot;ha_cmc_init_switcher&quot;:&quot;no&quot;}\">\n\t\t\t\t\t\t<section class=\"elementor-section elementor-top-section elementor-element elementor-element-64555778 elementor-section-boxed elementor-section-height-default elementor-section-height-default wpr-particle-no wpr-jarallax-no wpr-parallax-no wpr-sticky-section-no wpr-equal-height-no\" data-id=\"64555778\" data-element_type=\"section\" data-e-type=\"section\" data-settings=\"{&quot;background_background&quot;:&quot;gradient&quot;}\">\n\t\t\t\t\t\t<div class=\"elementor-container elementor-column-gap-no\">\n\t\t\t\t\t<div class=\"elementor-column elementor-col-100 elementor-top-column elementor-element elementor-element-47346218\" data-id=\"47346218\" data-element_type=\"column\" data-e-type=\"column\">\n\t\t\t<div class=\"elementor-widget-wrap elementor-element-populated\">\n\t\t\t\t\t\t<div class=\"elementor-element elementor-element-16966c0 elementor-widget elementor-widget-heading\" data-id=\"16966c0\" data-element_type=\"widget\" data-e-type=\"widget\" data-widget_type=\"heading.default\">\n\t\t\t\t\t<h2 class=\"elementor-heading-title elementor-size-default\">Raconter pour transformer : Danilo Dolci, le cercle ma\u00efeutique et les cercles d&#039;histoires<\/h2>\t\t\t\t<\/div>\n\t\t\t\t<section class=\"elementor-section elementor-inner-section elementor-element elementor-element-11555862 elementor-section-boxed elementor-section-height-default elementor-section-height-default wpr-particle-no wpr-jarallax-no wpr-parallax-no wpr-sticky-section-no wpr-equal-height-no\" data-id=\"11555862\" data-element_type=\"section\" data-e-type=\"section\">\n\t\t\t\t\t\t<div class=\"elementor-container elementor-column-gap-default\">\n\t\t\t\t\t<div class=\"elementor-column elementor-col-100 elementor-inner-column elementor-element elementor-element-42092af8\" data-id=\"42092af8\" data-element_type=\"column\" data-e-type=\"column\">\n\t\t\t<div class=\"elementor-widget-wrap elementor-element-populated\">\n\t\t\t\t\t\t<div class=\"elementor-element elementor-element-e5967cc elementor-widget elementor-widget-text-editor\" data-id=\"e5967cc\" data-element_type=\"widget\" data-e-type=\"widget\" data-widget_type=\"text-editor.default\">\n\t\t\t\t\t\t\t\t\t<p>\u00c0 une \u00e9poque caract\u00e9ris\u00e9e par une communication polaris\u00e9e, un groupe restreint d&#039;\u00e9ducateurs a adopt\u00e9 le pouvoir transformateur du dialogue pour cultiver la conscience et la solidarit\u00e9. Parmi ces pionniers, Danilo Dolci \u2013 po\u00e8te profond, sociologue perspicace et \u00e9ducateur d\u00e9vou\u00e9 \u2013 appara\u00eet comme une sommit\u00e9 dont les m\u00e9thodes placent l&#039;\u00e9coute, le questionnement et l&#039;exploration collective au premier plan des pratiques \u00e9ducatives. Son h\u00e9ritage, profond\u00e9ment ancr\u00e9 dans les principes de non-violence et d&#039;engagement communautaire, continue de r\u00e9sonner aujourd&#039;hui \u00e0 travers des pratiques innovantes comme le Cercle ma\u00efeutique et le Cercle des histoires.<\/p><p><strong>\u00a0<\/strong><\/p><p>Contrairement aux th\u00e9oriciens universitaires traditionnels, Dolci \u0153uvrait au plus pr\u00e8s des communaut\u00e9s, s&#039;immergeant au c\u0153ur de celles-ci en tant qu&#039;\u00e9ducateur et militant. Au c\u0153ur de sa philosophie se trouve le pouvoir transformateur de la question, consid\u00e9r\u00e9e non seulement comme une technique permettant d&#039;obtenir des r\u00e9ponses justes, mais aussi comme un catalyseur de pens\u00e9e critique, de r\u00e9flexion approfondie et de d\u00e9couverte collaborative. Dans le Cercle Ma\u00efeutique, les participants se rassemblent en un cercle harmonieux, d\u00e9mantelant ainsi la structure hi\u00e9rarchique conventionnelle de la classe. Dans cet espace \u00e9galitaire, chaque question est une \u00e9tincelle, d\u00e9clenchant des discussions anim\u00e9es qui r\u00e9v\u00e8lent la richesse du savoir en chacun.<\/p><p>Pour Dolci, des questions telles que \u00ab\u00a0Quel est votre r\u00eave\u00a0?\u00a0\u00bb transcendaient la simple expression po\u00e9tique\u00a0; elles repr\u00e9sentaient des actes \u00e9ducatifs profonds. Le cercle nourrit une dynamique horizontale o\u00f9 le savoir ne circule pas de l&#039;enseignant \u00e0 l&#039;\u00e9l\u00e8ve, mais na\u00eet d&#039;un \u00e9change d&#039;id\u00e9es anim\u00e9. Cette m\u00e9thode permet aux participants d&#039;exploiter leur conscience de soi, de d\u00e9velopper leur esprit critique et de reconna\u00eetre leurs capacit\u00e9s intrins\u00e8ques, tout en tissant des liens avec les autres et en envisageant des perspectives d&#039;avenir transformatrices.<\/p><p><strong>\u00a0<\/strong><\/p><p>Au fil de l&#039;\u00e9volution de l&#039;approche p\u00e9dagogique de Dolci, elle s&#039;est manifest\u00e9e sous la forme de ce que l&#039;on appelle aujourd&#039;hui l&#039;Approche Ma\u00efeutique R\u00e9ciproque (AMR), notamment dans le domaine de la formation des adultes. Cette approche a \u00e9t\u00e9 mise en \u0153uvre avec succ\u00e8s aupr\u00e8s des communaut\u00e9s marginalis\u00e9es, des migrants et des personnes peu alphab\u00e9tis\u00e9es, car elle vise \u00e0 r\u00e9fl\u00e9chir \u00e0 leurs propres r\u00e9cits et \u00e0 leurs connaissances partag\u00e9es.<\/p><p>L&#039;objectif principal transcende la simple transmission de contenu\u00a0: il aspire \u00e0 cultiver un espace stimulant d&#039;\u00e9coute active o\u00f9 les participants peuvent exprimer leurs questions, leurs besoins et leurs aspirations. Dans cet environnement enrichissant, les \u00e9ducateurs jouent un r\u00f4le de facilitateurs de dialogue, s&#039;\u00e9loignant des figures d&#039;autorit\u00e9 traditionnelles. Le processus d&#039;apprentissage transforme les participants, passant du statut de r\u00e9cepteurs passifs d&#039;informations \u00e0 celui de co-cr\u00e9ateurs dynamiques de connaissances, leur permettant de se percevoir comme des parties prenantes d&#039;un tissu social plus large. Dans ce contexte, l&#039;apprentissage appara\u00eet non seulement comme un parcours personnel, mais aussi comme une d\u00e9marche intrins\u00e8quement collective et politique.<\/p><p><strong>\u00a0<\/strong><\/p><p>Parall\u00e8lement, une autre pratique dialogique puissante a pris de l&#039;ampleur\u00a0: le Cercle d&#039;histoires, reconnu par l&#039;UNESCO comme un outil puissant pour d\u00e9velopper les comp\u00e9tences interculturelles et favoriser la coh\u00e9sion sociale. Fond\u00e9 sur l&#039;art de l&#039;\u00e9coute active, le Cercle d&#039;histoires privil\u00e9gie le partage de r\u00e9cits personnels. R\u00e9unissant g\u00e9n\u00e9ralement entre 5 et 10 participants, il invite chaque individu \u00e0 partager une br\u00e8ve exp\u00e9rience personnelle en r\u00e9ponse \u00e0 une question commune. Dans cet espace sacr\u00e9, les interruptions sont absentes, les \u00e9valuations sont \u00e9vit\u00e9es et les d\u00e9bats sont d\u00e9conseill\u00e9s\u00a0; l&#039;accent est mis sur l&#039;expression authentique et l&#039;\u00e9coute attentive.<\/p><p>Cette m\u00e9thode, ancr\u00e9e dans les traditions orales et les pratiques de d\u00e9veloppement communautaire, favorise les liens affectifs et relationnels entre les individus. Gr\u00e2ce \u00e0 l&#039;acte de raconter, les participants apprennent progressivement \u00e0 reconna\u00eetre leur propre reflet chez les autres, \u00e0 appr\u00e9cier leurs diff\u00e9rences sans crainte et \u00e0 tisser des liens qui transcendent les clivages culturels, linguistiques ou g\u00e9n\u00e9rationnels. Les cercles d&#039;histoires sont particuli\u00e8rement prometteurs dans les contextes li\u00e9s \u00e0 la migration, \u00e0 l&#039;engagement des jeunes et au dialogue interculturel, car ils att\u00e9nuent efficacement le sentiment d&#039;isolement et favorisent la compr\u00e9hension mutuelle.<\/p><p>Bien que distincts par leurs m\u00e9thodologies, le Cercle Ma\u00efeutique et le Cercle des Histoires partagent des valeurs fondamentales. Tous deux privil\u00e9gient le dialogue horizontal, garantissent une participation \u00e9gale et promeuvent l&#039;id\u00e9e que le savoir ne se transmet pas simplement, mais se d\u00e9couvre de mani\u00e8re collaborative. Ils remettent en question les mod\u00e8les \u00e9ducatifs traditionnels, adoptant une vision de l&#039;apprentissage relationnelle et coop\u00e9rative.<\/p><p>Dans les deux pratiques, les outils de narration et de questionnement renforcent l&#039;autonomie des participants. Ils favorisent le d\u00e9veloppement de l&#039;empathie, de l&#039;esprit critique et d&#039;un sens partag\u00e9 des responsabilit\u00e9s. Qu&#039;ils soient utilis\u00e9s dans les \u00e9coles, les centres communautaires, les programmes d&#039;aide aux r\u00e9fugi\u00e9s ou les ateliers pour jeunes, ces cercles cr\u00e9ent des environnements propices \u00e0 l&#039;apprentissage inclusif et \u00e0 la coh\u00e9sion communautaire.<\/p><p><strong>\u00a0<\/strong><\/p><p>Dans notre paysage social actuel, marqu\u00e9 par l&#039;escalade des in\u00e9galit\u00e9s, les d\u00e9fis migratoires et les tensions culturelles, les m\u00e9thodes dialogiques comme le Cercle ma\u00efeutique et les Cercles d&#039;histoires apportent des r\u00e9ponses concr\u00e8tes. Elles cr\u00e9ent des espaces de gu\u00e9rison o\u00f9 les individus peuvent partager leurs voix, valider leurs exp\u00e9riences et distiller collectivement des id\u00e9es.<\/p><p>Pour les migrants, les \u00e9ducateurs, les militants et les praticiens, ces approches offrent des voies \u00e9thiques et efficaces pour favoriser l&#039;inclusion, lutter contre les st\u00e9r\u00e9otypes et cultiver la coh\u00e9sion sociale. Le Cercle ma\u00efeutique invite les individus \u00e0 poser des questions pertinentes, tandis que le Cercle des histoires les encourage \u00e0 partager leurs r\u00e9cits, cr\u00e9ant ainsi des opportunit\u00e9s de dialogue, d&#039;empathie et de compr\u00e9hension dans un monde de plus en plus complexe.<\/p><p><strong>Ressources<\/strong><\/p><p>Hearn, F., Biggs, L., Brown, S., Tran, L., Shwe, S., Noe, TMP et Riggs, E. (2022). Avoir son mot \u00e0 dire sur les orientations de recherche\u00a0: le r\u00f4le des chercheurs communautaires dans la recherche participative aupr\u00e8s des communaut\u00e9s issues de l&#039;immigration et des r\u00e9fugi\u00e9s. Revue internationale de recherche environnementale et de sant\u00e9 publique, 19(8), 4844. Source\u00a0: <a href=\"https:\/\/www.mdpi.com\/1660-4601\/19\/8\/4844\">https:\/\/www.mdpi.com\/1660-4601\/19\/8\/4844<\/a><\/p><p>Fetterman, DM, et Wandersman, A. (2005). Principes d&#039;\u00e9valuation de l&#039;autonomisation en pratique. Guilford Press. Source\u00a0: <a href=\"https:\/\/www.guilford.com\/excerpts\/fetterman.pdf?t=1\">https:\/\/www.guilford.com\/excerpts\/fetterman.pdf?t=1<\/a><\/p><p>Centre Sviluppo Creativo Danilo Dolci. (sd). Approche ma\u00efeutique r\u00e9ciproque. R\u00e9cup\u00e9r\u00e9 de <a href=\"https:\/\/danilodolci.org\/en\/reciprocalmaieutic\/\">https:\/\/danilodolci.org\/en\/reciprocalmaieutic\/<\/a><\/p><p>Maslin-Ostrowski, P., Drago-Severson, E., Ferguson, J., Marsick, VJ, et Hallett, M. (2023). Une approche innovante d&#039;engagement communautaire international\u00a0: les cercles d&#039;histoires comme catalyseurs d&#039;un apprentissage transformateur. Revue internationale d&#039;\u00e9ducation des adultes et de technologie, 11(2), 1\u201315. Source\u00a0: <a href=\"https:\/\/www.researchgate.net\/profile\/Patricia-Maslin-Ostrowski\/publication\/316976385_An_Innovative_International_Community_Engagement_Approach_Story_Circles_as_Catalysts_for_Transformative_Learning\/links\/647f23e82cad460a1bf8bd1b\/An-Innovative-International-Community-Engagement-Approach-Story-Circles-as-Catalysts-for-Transformative-Learning.pdf?origin=scientificContributions\">https:\/\/www.researchgate.net\/profile\/Patricia-Maslin-Ostrowski\/publication\/316976385_An_Innovative_International_Community_Engagement_Approach_Story_Circles_as_Catalysts_for_Transformative_Learning\/links\/647f23e82cad460a1bf8bd1b\/An-Innovative-International-Community-Engagement-Approach-Story-Circles-as-Catalysts-for-Transformative-Learning.pdf?origin=scientificContributions<\/a><\/p><p>UNESCO. (2020). Manuel pour le d\u00e9veloppement des comp\u00e9tences interculturelles\u00a0: Cercles d&#039;histoires. \u00c9ditions UNESCO - Consult\u00e9 sur<a href=\"https:\/\/unesdoc.unesco.org\/ark:\/48223\/pf0000370336\">: https:\/\/unesdoc.unesco.org\/ark:\/48223\/pf0000370336<\/a><\/p><p>Novare, D. (sd). La p\u00e9dagogie ma\u00efeutique de Danilo Dolci. R\u00e9cup\u00e9r\u00e9 de <a href=\"https:\/\/www.cislscuola.it\/uploads\/media\/dolci-novara.pdf\">https:\/\/www.cislscuola.it\/uploads\/media\/dolci-novara.pdf<\/a><\/p><p>Deardorff, DK (2019). Manuel pour le d\u00e9veloppement des comp\u00e9tences interculturelles\u00a0: Cercles d&#039;histoires. Paris\u00a0: \u00c9ditions UNESCO. Consult\u00e9 sur <a href=\"https:\/\/unesdoc.unesco.org\/ark:\/48223\/pf0000370336\">https:\/\/unesdoc.unesco.org\/ark:\/48223\/pf0000370336<\/a><\/p><p><blockquote class=\"wp-embedded-content\" data-secret=\"adVi4UMhjs\"><a href=\"https:\/\/danilodolci.org\/en\/foreign-bibliography\/\">Bibliographie en langue \u00e9trang\u00e8re<\/a><\/blockquote><iframe class=\"wp-embedded-content\" sandbox=\"allow-scripts\" security=\"restricted\" style=\"position: absolute; visibility: hidden;\" title=\"\u00abBibliographie en langues \u00e9trang\u00e8res\u00bb \u2014 Centro Sviluppo Creativo Danilo Dolci ETS\" src=\"https:\/\/danilodolci.org\/en\/foreign-bibliography\/embed\/#?secret=sTYdUw9Ax5#?secret=adVi4UMhjs\" data-secret=\"adVi4UMhjs\" width=\"500\" height=\"282\" frameborder=\"0\" marginwidth=\"0\" marginheight=\"0\" scrolling=\"no\"><\/iframe><\/p>\t\t\t\t\t\t\t\t<\/div>\n\t\t\t\t\t<\/div>\n\t\t<\/div>\n\t\t\t\t\t<\/div>\n\t\t<\/section>\n\t\t\t\t\t<\/div>\n\t\t<\/div>\n\t\t\t\t\t<\/div>\n\t\t<\/section>\n\t\t\t\t<section class=\"elementor-section elementor-top-section elementor-element elementor-element-10c9e661 elementor-section-full_width elementor-section-height-default elementor-section-height-default wpr-particle-no wpr-jarallax-no wpr-parallax-no wpr-sticky-section-no wpr-equal-height-no\" data-id=\"10c9e661\" data-element_type=\"section\" data-e-type=\"section\" data-settings=\"{&quot;background_background&quot;:&quot;gradient&quot;}\">\n\t\t\t\t\t\t<div class=\"elementor-container elementor-column-gap-default\">\n\t\t\t\t\t<div class=\"elementor-column elementor-col-100 elementor-top-column elementor-element elementor-element-13a91576\" data-id=\"13a91576\" data-element_type=\"column\" data-e-type=\"column\" data-settings=\"{&quot;background_background&quot;:&quot;classic&quot;}\">\n\t\t\t<div class=\"elementor-widget-wrap elementor-element-populated\">\n\t\t\t\t\t<div class=\"elementor-background-overlay\"><\/div>\n\t\t\t\t\t\t<div class=\"elementor-element elementor-element-48d43831 elementor-widget elementor-widget-heading\" data-id=\"48d43831\" data-element_type=\"widget\" data-e-type=\"widget\" data-widget_type=\"heading.default\">\n\t\t\t\t\t<h3 class=\"elementor-heading-title elementor-size-default\">Les partenaires<\/h3>\t\t\t\t<\/div>\n\t\t\t\t<section class=\"elementor-section elementor-inner-section elementor-element elementor-element-43461530 elementor-section-full_width elementor-section-height-default elementor-section-height-default wpr-particle-no wpr-jarallax-no wpr-parallax-no wpr-sticky-section-no wpr-equal-height-no\" data-id=\"43461530\" data-element_type=\"section\" data-e-type=\"section\" data-settings=\"{&quot;background_background&quot;:&quot;classic&quot;}\">\n\t\t\t\t\t\t<div class=\"elementor-container elementor-column-gap-no\">\n\t\t\t\t\t<div class=\"elementor-column elementor-col-16 elementor-inner-column elementor-element elementor-element-6ab98a5e\" data-id=\"6ab98a5e\" data-element_type=\"column\" data-e-type=\"column\">\n\t\t\t<div class=\"elementor-widget-wrap elementor-element-populated\">\n\t\t\t\t\t\t<div class=\"elementor-element elementor-element-73f665fc elementor-widget elementor-widget-image\" data-id=\"73f665fc\" data-element_type=\"widget\" data-e-type=\"widget\" data-widget_type=\"image.default\">\n\t\t\t\t\t\t\t\t\t\t\t\t\t\t\t\t<a href=\"https:\/\/www.um.si\/en\/home-page\/\" target=\"_blank\">\n\t\t\t\t\t\t\t<img decoding=\"async\" width=\"222\" height=\"119\" src=\"https:\/\/jointstories.eu\/wp-content\/uploads\/2023\/04\/MAribor.png\" class=\"elementor-animation-grow attachment-full size-full wp-image-2037\" alt=\"University of Maribor\" srcset=\"https:\/\/jointstories.eu\/wp-content\/uploads\/2023\/04\/MAribor.png 222w, https:\/\/jointstories.eu\/wp-content\/uploads\/2023\/04\/MAribor-18x10.png 18w\" sizes=\"(max-width: 222px) 100vw, 222px\" \/>\t\t\t\t\t\t\t\t<\/a>\n\t\t\t\t\t\t\t\t\t\t\t\t\t\t\t<\/div>\n\t\t\t\t\t<\/div>\n\t\t<\/div>\n\t\t\t\t<div class=\"elementor-column elementor-col-16 elementor-inner-column elementor-element elementor-element-7281dd41\" data-id=\"7281dd41\" data-element_type=\"column\" data-e-type=\"column\">\n\t\t\t<div class=\"elementor-widget-wrap elementor-element-populated\">\n\t\t\t\t\t\t<div class=\"elementor-element elementor-element-19bf13cb elementor-widget elementor-widget-image\" data-id=\"19bf13cb\" data-element_type=\"widget\" data-e-type=\"widget\" data-widget_type=\"image.default\">\n\t\t\t\t\t\t\t\t\t\t\t\t\t\t\t\t<a href=\"https:\/\/europeanmigrantplatform.eu\/\" target=\"_blank\">\n\t\t\t\t\t\t\t<img decoding=\"async\" width=\"222\" height=\"119\" src=\"https:\/\/jointstories.eu\/wp-content\/uploads\/2023\/04\/EMP.png\" class=\"elementor-animation-grow attachment-full size-full wp-image-2033\" alt=\"European Migrant Platform\" srcset=\"https:\/\/jointstories.eu\/wp-content\/uploads\/2023\/04\/EMP.png 222w, https:\/\/jointstories.eu\/wp-content\/uploads\/2023\/04\/EMP-18x10.png 18w\" sizes=\"(max-width: 222px) 100vw, 222px\" \/>\t\t\t\t\t\t\t\t<\/a>\n\t\t\t\t\t\t\t\t\t\t\t\t\t\t\t<\/div>\n\t\t\t\t\t<\/div>\n\t\t<\/div>\n\t\t\t\t<div class=\"elementor-column elementor-col-16 elementor-inner-column elementor-element elementor-element-5af513bb\" data-id=\"5af513bb\" data-element_type=\"column\" data-e-type=\"column\">\n\t\t\t<div class=\"elementor-widget-wrap elementor-element-populated\">\n\t\t\t\t\t\t<div class=\"elementor-element elementor-element-7190cce elementor-widget elementor-widget-image\" data-id=\"7190cce\" data-element_type=\"widget\" data-e-type=\"widget\" data-widget_type=\"image.default\">\n\t\t\t\t\t\t\t\t\t\t\t\t\t\t\t\t<a href=\"https:\/\/www.laurea.fi\/en\/\" target=\"_blank\">\n\t\t\t\t\t\t\t<img decoding=\"async\" width=\"222\" height=\"119\" src=\"https:\/\/jointstories.eu\/wp-content\/uploads\/2023\/04\/LAUREA.png\" class=\"elementor-animation-grow attachment-full size-full wp-image-2035\" alt=\"Laurea\" srcset=\"https:\/\/jointstories.eu\/wp-content\/uploads\/2023\/04\/LAUREA.png 222w, https:\/\/jointstories.eu\/wp-content\/uploads\/2023\/04\/LAUREA-18x10.png 18w\" sizes=\"(max-width: 222px) 100vw, 222px\" \/>\t\t\t\t\t\t\t\t<\/a>\n\t\t\t\t\t\t\t\t\t\t\t\t\t\t\t<\/div>\n\t\t\t\t\t<\/div>\n\t\t<\/div>\n\t\t\t\t<div class=\"elementor-column elementor-col-16 elementor-inner-column elementor-element elementor-element-3674d1c8\" data-id=\"3674d1c8\" data-element_type=\"column\" data-e-type=\"column\">\n\t\t\t<div class=\"elementor-widget-wrap elementor-element-populated\">\n\t\t\t\t\t\t<div class=\"elementor-element elementor-element-54126f32 elementor-widget elementor-widget-image\" data-id=\"54126f32\" data-element_type=\"widget\" data-e-type=\"widget\" data-widget_type=\"image.default\">\n\t\t\t\t\t\t\t\t\t\t\t\t<figure class=\"wp-caption\">\n\t\t\t\t\t\t\t\t\t\t\t<a href=\"https:\/\/www.ucll.be\/en\" target=\"_blank\">\n\t\t\t\t\t\t\t<img loading=\"lazy\" decoding=\"async\" width=\"222\" height=\"119\" src=\"https:\/\/jointstories.eu\/wp-content\/uploads\/2023\/04\/Logo_UCLL_ENG_RGB_negatief.png\" class=\"elementor-animation-grow attachment-full size-full wp-image-2036\" alt=\"University of Applied Sciences\" srcset=\"https:\/\/jointstories.eu\/wp-content\/uploads\/2023\/04\/Logo_UCLL_ENG_RGB_negatief.png 222w, https:\/\/jointstories.eu\/wp-content\/uploads\/2023\/04\/Logo_UCLL_ENG_RGB_negatief-18x10.png 18w\" sizes=\"(max-width: 222px) 100vw, 222px\" \/>\t\t\t\t\t\t\t\t<\/a>\n\t\t\t\t\t\t\t\t\t\t\t<figcaption class=\"widget-image-caption wp-caption-text\"><\/figcaption>\n\t\t\t\t\t\t\t\t\t\t<\/figure>\n\t\t\t\t\t\t\t\t\t<\/div>\n\t\t\t\t\t<\/div>\n\t\t<\/div>\n\t\t\t\t<div class=\"elementor-column elementor-col-16 elementor-inner-column elementor-element elementor-element-41fc3324\" data-id=\"41fc3324\" data-element_type=\"column\" data-e-type=\"column\">\n\t\t\t<div class=\"elementor-widget-wrap elementor-element-populated\">\n\t\t\t\t\t\t<div class=\"elementor-element elementor-element-22ec581a elementor-widget elementor-widget-image\" data-id=\"22ec581a\" data-element_type=\"widget\" data-e-type=\"widget\" data-widget_type=\"image.default\">\n\t\t\t\t\t\t\t\t\t\t\t\t\t\t\t\t<a href=\"https:\/\/cesie.org\/\" target=\"_blank\">\n\t\t\t\t\t\t\t<img loading=\"lazy\" decoding=\"async\" width=\"222\" height=\"119\" src=\"https:\/\/jointstories.eu\/wp-content\/uploads\/2023\/04\/cesie.png\" class=\"elementor-animation-grow attachment-full size-full wp-image-2039\" alt=\"Cesie\" srcset=\"https:\/\/jointstories.eu\/wp-content\/uploads\/2023\/04\/cesie.png 222w, https:\/\/jointstories.eu\/wp-content\/uploads\/2023\/04\/cesie-18x10.png 18w\" sizes=\"(max-width: 222px) 100vw, 222px\" \/>\t\t\t\t\t\t\t\t<\/a>\n\t\t\t\t\t\t\t\t\t\t\t\t\t\t\t<\/div>\n\t\t\t\t\t<\/div>\n\t\t<\/div>\n\t\t\t\t<div class=\"elementor-column elementor-col-16 elementor-inner-column elementor-element elementor-element-b5a6fc0\" data-id=\"b5a6fc0\" data-element_type=\"column\" data-e-type=\"column\">\n\t\t\t<div class=\"elementor-widget-wrap elementor-element-populated\">\n\t\t\t\t\t\t<div class=\"elementor-element elementor-element-17b6ddac elementor-widget elementor-widget-image\" data-id=\"17b6ddac\" data-element_type=\"widget\" data-e-type=\"widget\" data-widget_type=\"image.default\">\n\t\t\t\t\t\t\t\t\t\t\t\t\t\t\t\t<a href=\"https:\/\/incoma-projects.eu\/\" target=\"_blank\">\n\t\t\t\t\t\t\t<img loading=\"lazy\" decoding=\"async\" width=\"222\" height=\"119\" src=\"https:\/\/jointstories.eu\/wp-content\/uploads\/2023\/04\/incoma.png\" class=\"elementor-animation-grow attachment-full size-full wp-image-2034\" alt=\"INCOMA\" srcset=\"https:\/\/jointstories.eu\/wp-content\/uploads\/2023\/04\/incoma.png 222w, https:\/\/jointstories.eu\/wp-content\/uploads\/2023\/04\/incoma-18x10.png 18w\" sizes=\"(max-width: 222px) 100vw, 222px\" \/>\t\t\t\t\t\t\t\t<\/a>\n\t\t\t\t\t\t\t\t\t\t\t\t\t\t\t<\/div>\n\t\t\t\t\t<\/div>\n\t\t<\/div>\n\t\t\t\t\t<\/div>\n\t\t<\/section>\n\t\t\t\t\t<\/div>\n\t\t<\/div>\n\t\t\t\t\t<\/div>\n\t\t<\/section>\n\t\t\t\t<\/div>","protected":false},"excerpt":{"rendered":"<p>Le consortium est compos\u00e9 d&#039;organisations de Finlande, d&#039;Espagne, de Belgique, d&#039;Italie et de Slov\u00e9nie.<\/p>\n<p>Chaque partenaire est un expert li\u00e9 aux domaines du projet et collabore pour fournir les meilleurs r\u00e9sultats possibles aux parties prenantes et aux futurs b\u00e9n\u00e9ficiaires.<\/p>","protected":false},"author":12,"featured_media":4606,"comment_status":"open","ping_status":"open","sticky":false,"template":"","format":"standard","meta":{"site-sidebar-layout":"default","site-content-layout":"","ast-site-content-layout":"default","site-content-style":"default","site-sidebar-style":"default","ast-global-header-display":"","ast-banner-title-visibility":"","ast-main-header-display":"","ast-hfb-above-header-display":"","ast-hfb-below-header-display":"","ast-hfb-mobile-header-display":"","site-post-title":"","ast-breadcrumbs-content":"","ast-featured-img":"disabled","footer-sml-layout":"","ast-disable-related-posts":"","theme-transparent-header-meta":"","adv-header-id-meta":"","stick-header-meta":"","header-above-stick-meta":"","header-main-stick-meta":"","header-below-stick-meta":"","astra-migrate-meta-layouts":"set","ast-page-background-enabled":"default","ast-page-background-meta":{"desktop":{"background-color":"","background-image":"","background-repeat":"repeat","background-position":"center center","background-size":"auto","background-attachment":"scroll","background-type":"","background-media":"","overlay-type":"","overlay-color":"","overlay-opacity":"","overlay-gradient":""},"tablet":{"background-color":"","background-image":"","background-repeat":"repeat","background-position":"center center","background-size":"auto","background-attachment":"scroll","background-type":"","background-media":"","overlay-type":"","overlay-color":"","overlay-opacity":"","overlay-gradient":""},"mobile":{"background-color":"","background-image":"","background-repeat":"repeat","background-position":"center center","background-size":"auto","background-attachment":"scroll","background-type":"","background-media":"","overlay-type":"","overlay-color":"","overlay-opacity":"","overlay-gradient":""}},"ast-content-background-meta":{"desktop":{"background-color":"var(--ast-global-color-5)","background-image":"","background-repeat":"repeat","background-position":"center center","background-size":"auto","background-attachment":"scroll","background-type":"","background-media":"","overlay-type":"","overlay-color":"","overlay-opacity":"","overlay-gradient":""},"tablet":{"background-color":"var(--ast-global-color-5)","background-image":"","background-repeat":"repeat","background-position":"center center","background-size":"auto","background-attachment":"scroll","background-type":"","background-media":"","overlay-type":"","overlay-color":"","overlay-opacity":"","overlay-gradient":""},"mobile":{"background-color":"var(--ast-global-color-5)","background-image":"","background-repeat":"repeat","background-position":"center center","background-size":"auto","background-attachment":"scroll","background-type":"","background-media":"","overlay-type":"","overlay-color":"","overlay-opacity":"","overlay-gradient":""}},"footnotes":""},"categories":[41],"tags":[],"class_list":["post-4604","post","type-post","status-publish","format-standard","has-post-thumbnail","hentry","category-news-and-events"],"yoast_head":"<!-- This site is optimized with the Yoast SEO plugin v27.5 - https:\/\/yoast.com\/product\/yoast-seo-wordpress\/ -->\n<title>Progressing Towards Change: JeS Enters WorkPackage 4 - JeS<\/title>\n<meta name=\"description\" content=\"Laurea Correctional Services students Emmi Anttila and Damien Mikkil\u00e4 were awarded for their outstanding Bachelor&#039;s thesis on human trafficking, receiving the Laurea reward and the Finnish Criminalist Association&#039;s K.J. L\u00e5ng Fund prize in summer 2024.\" \/>\n<meta name=\"robots\" content=\"index, follow, max-snippet:-1, max-image-preview:large, max-video-preview:-1\" \/>\n<link rel=\"canonical\" href=\"https:\/\/jointstories.eu\/fr\/progressing-towards-change-jes-enters-workpackage-4\/\" \/>\n<meta property=\"og:locale\" content=\"fr_FR\" \/>\n<meta property=\"og:type\" content=\"article\" \/>\n<meta property=\"og:title\" content=\"Progressing Towards Change: JeS Enters WorkPackage 4 - JeS\" \/>\n<meta property=\"og:description\" content=\"Laurea Correctional Services students Emmi Anttila and Damien Mikkil\u00e4 were awarded for their outstanding Bachelor&#039;s thesis on human trafficking, receiving the Laurea reward and the Finnish Criminalist Association&#039;s K.J. L\u00e5ng Fund prize in summer 2024.\" \/>\n<meta property=\"og:url\" content=\"https:\/\/jointstories.eu\/fr\/progressing-towards-change-jes-enters-workpackage-4\/\" \/>\n<meta property=\"og:site_name\" content=\"JeS\" \/>\n<meta property=\"article:publisher\" content=\"https:\/\/www.facebook.com\/RestARTcreativity\/\" \/>\n<meta property=\"article:published_time\" content=\"2025-07-22T12:20:58+00:00\" \/>\n<meta property=\"article:modified_time\" content=\"2025-07-22T12:24:06+00:00\" \/>\n<meta property=\"og:image\" content=\"https:\/\/jointstories.eu\/wp-content\/uploads\/2025\/07\/JeS-Consortium-meeting-3.6.2024.png\" \/>\n\t<meta property=\"og:image:width\" content=\"957\" \/>\n\t<meta property=\"og:image:height\" content=\"943\" \/>\n\t<meta property=\"og:image:type\" content=\"image\/png\" \/>\n<meta name=\"author\" content=\"Pilar Naranjo\" \/>\n<meta name=\"twitter:card\" content=\"summary_large_image\" \/>\n<meta name=\"twitter:creator\" content=\"@restartproject4\" \/>\n<meta name=\"twitter:site\" content=\"@restartproject4\" \/>\n<meta name=\"twitter:label1\" content=\"\u00c9crit par\" \/>\n\t<meta name=\"twitter:data1\" content=\"Pilar Naranjo\" \/>\n\t<meta name=\"twitter:label2\" content=\"Dur\u00e9e de lecture estim\u00e9e\" \/>\n\t<meta name=\"twitter:data2\" content=\"1 minute\" \/>\n<script type=\"application\/ld+json\" class=\"yoast-schema-graph\">{\"@context\":\"https:\\\/\\\/schema.org\",\"@graph\":[{\"@type\":\"Article\",\"@id\":\"https:\\\/\\\/jointstories.eu\\\/progressing-towards-change-jes-enters-workpackage-4\\\/#article\",\"isPartOf\":{\"@id\":\"https:\\\/\\\/jointstories.eu\\\/progressing-towards-change-jes-enters-workpackage-4\\\/\"},\"author\":{\"name\":\"Pilar Naranjo\",\"@id\":\"https:\\\/\\\/jointstories.eu\\\/#\\\/schema\\\/person\\\/4541395b0f23dadd620e112222a32f63\"},\"headline\":\"Progressing Towards Change: JeS Enters WorkPackage 4\",\"datePublished\":\"2025-07-22T12:20:58+00:00\",\"dateModified\":\"2025-07-22T12:24:06+00:00\",\"mainEntityOfPage\":{\"@id\":\"https:\\\/\\\/jointstories.eu\\\/progressing-towards-change-jes-enters-workpackage-4\\\/\"},\"wordCount\":276,\"commentCount\":0,\"publisher\":{\"@id\":\"https:\\\/\\\/jointstories.eu\\\/#organization\"},\"image\":{\"@id\":\"https:\\\/\\\/jointstories.eu\\\/progressing-towards-change-jes-enters-workpackage-4\\\/#primaryimage\"},\"thumbnailUrl\":\"https:\\\/\\\/jointstories.eu\\\/wp-content\\\/uploads\\\/2025\\\/07\\\/JeS-Consortium-meeting-3.6.2024.png\",\"articleSection\":[\"News and Events\"],\"inLanguage\":\"fr-FR\",\"potentialAction\":[{\"@type\":\"CommentAction\",\"name\":\"Comment\",\"target\":[\"https:\\\/\\\/jointstories.eu\\\/progressing-towards-change-jes-enters-workpackage-4\\\/#respond\"]}]},{\"@type\":\"WebPage\",\"@id\":\"https:\\\/\\\/jointstories.eu\\\/progressing-towards-change-jes-enters-workpackage-4\\\/\",\"url\":\"https:\\\/\\\/jointstories.eu\\\/progressing-towards-change-jes-enters-workpackage-4\\\/\",\"name\":\"Progressing Towards Change: JeS Enters WorkPackage 4 - JeS\",\"isPartOf\":{\"@id\":\"https:\\\/\\\/jointstories.eu\\\/#website\"},\"primaryImageOfPage\":{\"@id\":\"https:\\\/\\\/jointstories.eu\\\/progressing-towards-change-jes-enters-workpackage-4\\\/#primaryimage\"},\"image\":{\"@id\":\"https:\\\/\\\/jointstories.eu\\\/progressing-towards-change-jes-enters-workpackage-4\\\/#primaryimage\"},\"thumbnailUrl\":\"https:\\\/\\\/jointstories.eu\\\/wp-content\\\/uploads\\\/2025\\\/07\\\/JeS-Consortium-meeting-3.6.2024.png\",\"datePublished\":\"2025-07-22T12:20:58+00:00\",\"dateModified\":\"2025-07-22T12:24:06+00:00\",\"description\":\"Laurea Correctional Services students Emmi Anttila and Damien Mikkil\u00e4 were awarded for their outstanding Bachelor's thesis on human trafficking, receiving the Laurea reward and the Finnish Criminalist Association's K.J. L\u00e5ng Fund prize in summer 2024.\",\"breadcrumb\":{\"@id\":\"https:\\\/\\\/jointstories.eu\\\/progressing-towards-change-jes-enters-workpackage-4\\\/#breadcrumb\"},\"inLanguage\":\"fr-FR\",\"potentialAction\":[{\"@type\":\"ReadAction\",\"target\":[\"https:\\\/\\\/jointstories.eu\\\/progressing-towards-change-jes-enters-workpackage-4\\\/\"]}]},{\"@type\":\"ImageObject\",\"inLanguage\":\"fr-FR\",\"@id\":\"https:\\\/\\\/jointstories.eu\\\/progressing-towards-change-jes-enters-workpackage-4\\\/#primaryimage\",\"url\":\"https:\\\/\\\/jointstories.eu\\\/wp-content\\\/uploads\\\/2025\\\/07\\\/JeS-Consortium-meeting-3.6.2024.png\",\"contentUrl\":\"https:\\\/\\\/jointstories.eu\\\/wp-content\\\/uploads\\\/2025\\\/07\\\/JeS-Consortium-meeting-3.6.2024.png\",\"width\":957,\"height\":943},{\"@type\":\"BreadcrumbList\",\"@id\":\"https:\\\/\\\/jointstories.eu\\\/progressing-towards-change-jes-enters-workpackage-4\\\/#breadcrumb\",\"itemListElement\":[{\"@type\":\"ListItem\",\"position\":1,\"name\":\"Portada\",\"item\":\"https:\\\/\\\/jointstories.eu\\\/\"},{\"@type\":\"ListItem\",\"position\":2,\"name\":\"Progressing Towards Change: JeS Enters WorkPackage 4\"}]},{\"@type\":\"WebSite\",\"@id\":\"https:\\\/\\\/jointstories.eu\\\/#website\",\"url\":\"https:\\\/\\\/jointstories.eu\\\/\",\"name\":\"JeS\",\"description\":\"Joint Stories: Journeys from fear to fair\",\"publisher\":{\"@id\":\"https:\\\/\\\/jointstories.eu\\\/#organization\"},\"potentialAction\":[{\"@type\":\"SearchAction\",\"target\":{\"@type\":\"EntryPoint\",\"urlTemplate\":\"https:\\\/\\\/jointstories.eu\\\/?s={search_term_string}\"},\"query-input\":{\"@type\":\"PropertyValueSpecification\",\"valueRequired\":true,\"valueName\":\"search_term_string\"}}],\"inLanguage\":\"fr-FR\"},{\"@type\":\"Organization\",\"@id\":\"https:\\\/\\\/jointstories.eu\\\/#organization\",\"name\":\"JeS\",\"url\":\"https:\\\/\\\/jointstories.eu\\\/\",\"logo\":{\"@type\":\"ImageObject\",\"inLanguage\":\"fr-FR\",\"@id\":\"https:\\\/\\\/jointstories.eu\\\/#\\\/schema\\\/logo\\\/image\\\/\",\"url\":\"https:\\\/\\\/jointstories.eu\\\/wp-content\\\/uploads\\\/2022\\\/05\\\/LogoHomeRestart1920x960.png\",\"contentUrl\":\"https:\\\/\\\/jointstories.eu\\\/wp-content\\\/uploads\\\/2022\\\/05\\\/LogoHomeRestart1920x960.png\",\"width\":1920,\"height\":960,\"caption\":\"JeS\"},\"image\":{\"@id\":\"https:\\\/\\\/jointstories.eu\\\/#\\\/schema\\\/logo\\\/image\\\/\"},\"sameAs\":[\"https:\\\/\\\/www.facebook.com\\\/RestARTcreativity\\\/\",\"https:\\\/\\\/x.com\\\/restartproject4\",\"https:\\\/\\\/www.instagram.com\\\/rest.artproject\\\/\",\"https:\\\/\\\/www.youtube.com\\\/channel\\\/UCn2A6wwqZxKR5Ss_sj4aBrQ\"]},{\"@type\":\"Person\",\"@id\":\"https:\\\/\\\/jointstories.eu\\\/#\\\/schema\\\/person\\\/4541395b0f23dadd620e112222a32f63\",\"name\":\"Pilar Naranjo\",\"image\":{\"@type\":\"ImageObject\",\"inLanguage\":\"fr-FR\",\"@id\":\"https:\\\/\\\/secure.gravatar.com\\\/avatar\\\/6c3701bd750446036712a63c990dba4d500829ed79941a2d66e25781071341bd?s=96&d=mm&r=g\",\"url\":\"https:\\\/\\\/secure.gravatar.com\\\/avatar\\\/6c3701bd750446036712a63c990dba4d500829ed79941a2d66e25781071341bd?s=96&d=mm&r=g\",\"contentUrl\":\"https:\\\/\\\/secure.gravatar.com\\\/avatar\\\/6c3701bd750446036712a63c990dba4d500829ed79941a2d66e25781071341bd?s=96&d=mm&r=g\",\"caption\":\"Pilar Naranjo\"},\"url\":\"https:\\\/\\\/jointstories.eu\\\/fr\\\/author\\\/pili-incoma-2\\\/\"}]}<\/script>\n<!-- \/ Yoast SEO plugin. -->","yoast_head_json":{"title":"Vers le changement\u00a0: JeS rejoint le WorkPackage 4 - JeS","description":"Les \u00e9tudiants de Laurea Correctional Services, Emmi Anttila et Damien Mikkil\u00e4, ont \u00e9t\u00e9 r\u00e9compens\u00e9s pour leur remarquable m\u00e9moire de licence sur la traite des \u00eatres humains, recevant la r\u00e9compense Laurea et le prix KJ L\u00e5ng Fund de l&#039;Association des criminalistes finlandais \u00e0 l&#039;\u00e9t\u00e9 2024.","robots":{"index":"index","follow":"follow","max-snippet":"max-snippet:-1","max-image-preview":"max-image-preview:large","max-video-preview":"max-video-preview:-1"},"canonical":"https:\/\/jointstories.eu\/fr\/progressing-towards-change-jes-enters-workpackage-4\/","og_locale":"fr_FR","og_type":"article","og_title":"Progressing Towards Change: JeS Enters WorkPackage 4 - JeS","og_description":"Laurea Correctional Services students Emmi Anttila and Damien Mikkil\u00e4 were awarded for their outstanding Bachelor's thesis on human trafficking, receiving the Laurea reward and the Finnish Criminalist Association's K.J. L\u00e5ng Fund prize in summer 2024.","og_url":"https:\/\/jointstories.eu\/fr\/progressing-towards-change-jes-enters-workpackage-4\/","og_site_name":"JeS","article_publisher":"https:\/\/www.facebook.com\/RestARTcreativity\/","article_published_time":"2025-07-22T12:20:58+00:00","article_modified_time":"2025-07-22T12:24:06+00:00","og_image":[{"width":957,"height":943,"url":"https:\/\/jointstories.eu\/wp-content\/uploads\/2025\/07\/JeS-Consortium-meeting-3.6.2024.png","type":"image\/png"}],"author":"Pilar Naranjo","twitter_card":"summary_large_image","twitter_creator":"@restartproject4","twitter_site":"@restartproject4","twitter_misc":{"\u00c9crit par":"Pilar Naranjo","Dur\u00e9e de lecture estim\u00e9e":"1 minute"},"schema":{"@context":"https:\/\/schema.org","@graph":[{"@type":"Article","@id":"https:\/\/jointstories.eu\/progressing-towards-change-jes-enters-workpackage-4\/#article","isPartOf":{"@id":"https:\/\/jointstories.eu\/progressing-towards-change-jes-enters-workpackage-4\/"},"author":{"name":"Pilar Naranjo","@id":"https:\/\/jointstories.eu\/#\/schema\/person\/4541395b0f23dadd620e112222a32f63"},"headline":"Progressing Towards Change: JeS Enters WorkPackage 4","datePublished":"2025-07-22T12:20:58+00:00","dateModified":"2025-07-22T12:24:06+00:00","mainEntityOfPage":{"@id":"https:\/\/jointstories.eu\/progressing-towards-change-jes-enters-workpackage-4\/"},"wordCount":276,"commentCount":0,"publisher":{"@id":"https:\/\/jointstories.eu\/#organization"},"image":{"@id":"https:\/\/jointstories.eu\/progressing-towards-change-jes-enters-workpackage-4\/#primaryimage"},"thumbnailUrl":"https:\/\/jointstories.eu\/wp-content\/uploads\/2025\/07\/JeS-Consortium-meeting-3.6.2024.png","articleSection":["News and Events"],"inLanguage":"fr-FR","potentialAction":[{"@type":"CommentAction","name":"Comment","target":["https:\/\/jointstories.eu\/progressing-towards-change-jes-enters-workpackage-4\/#respond"]}]},{"@type":"WebPage","@id":"https:\/\/jointstories.eu\/progressing-towards-change-jes-enters-workpackage-4\/","url":"https:\/\/jointstories.eu\/progressing-towards-change-jes-enters-workpackage-4\/","name":"Vers le changement\u00a0: JeS rejoint le WorkPackage 4 - JeS","isPartOf":{"@id":"https:\/\/jointstories.eu\/#website"},"primaryImageOfPage":{"@id":"https:\/\/jointstories.eu\/progressing-towards-change-jes-enters-workpackage-4\/#primaryimage"},"image":{"@id":"https:\/\/jointstories.eu\/progressing-towards-change-jes-enters-workpackage-4\/#primaryimage"},"thumbnailUrl":"https:\/\/jointstories.eu\/wp-content\/uploads\/2025\/07\/JeS-Consortium-meeting-3.6.2024.png","datePublished":"2025-07-22T12:20:58+00:00","dateModified":"2025-07-22T12:24:06+00:00","description":"Les \u00e9tudiants de Laurea Correctional Services, Emmi Anttila et Damien Mikkil\u00e4, ont \u00e9t\u00e9 r\u00e9compens\u00e9s pour leur remarquable m\u00e9moire de licence sur la traite des \u00eatres humains, recevant la r\u00e9compense Laurea et le prix KJ L\u00e5ng Fund de l&#039;Association des criminalistes finlandais \u00e0 l&#039;\u00e9t\u00e9 2024.","breadcrumb":{"@id":"https:\/\/jointstories.eu\/progressing-towards-change-jes-enters-workpackage-4\/#breadcrumb"},"inLanguage":"fr-FR","potentialAction":[{"@type":"ReadAction","target":["https:\/\/jointstories.eu\/progressing-towards-change-jes-enters-workpackage-4\/"]}]},{"@type":"ImageObject","inLanguage":"fr-FR","@id":"https:\/\/jointstories.eu\/progressing-towards-change-jes-enters-workpackage-4\/#primaryimage","url":"https:\/\/jointstories.eu\/wp-content\/uploads\/2025\/07\/JeS-Consortium-meeting-3.6.2024.png","contentUrl":"https:\/\/jointstories.eu\/wp-content\/uploads\/2025\/07\/JeS-Consortium-meeting-3.6.2024.png","width":957,"height":943},{"@type":"BreadcrumbList","@id":"https:\/\/jointstories.eu\/progressing-towards-change-jes-enters-workpackage-4\/#breadcrumb","itemListElement":[{"@type":"ListItem","position":1,"name":"Portada","item":"https:\/\/jointstories.eu\/"},{"@type":"ListItem","position":2,"name":"Progressing Towards Change: JeS Enters WorkPackage 4"}]},{"@type":"WebSite","@id":"https:\/\/jointstories.eu\/#website","url":"https:\/\/jointstories.eu\/","name":"JeS","description":"Histoires communes\u00a0: voyages de la peur \u00e0 l\u2019\u00e9quit\u00e9","publisher":{"@id":"https:\/\/jointstories.eu\/#organization"},"potentialAction":[{"@type":"SearchAction","target":{"@type":"EntryPoint","urlTemplate":"https:\/\/jointstories.eu\/?s={search_term_string}"},"query-input":{"@type":"PropertyValueSpecification","valueRequired":true,"valueName":"search_term_string"}}],"inLanguage":"fr-FR"},{"@type":"Organization","@id":"https:\/\/jointstories.eu\/#organization","name":"JeS","url":"https:\/\/jointstories.eu\/","logo":{"@type":"ImageObject","inLanguage":"fr-FR","@id":"https:\/\/jointstories.eu\/#\/schema\/logo\/image\/","url":"https:\/\/jointstories.eu\/wp-content\/uploads\/2022\/05\/LogoHomeRestart1920x960.png","contentUrl":"https:\/\/jointstories.eu\/wp-content\/uploads\/2022\/05\/LogoHomeRestart1920x960.png","width":1920,"height":960,"caption":"JeS"},"image":{"@id":"https:\/\/jointstories.eu\/#\/schema\/logo\/image\/"},"sameAs":["https:\/\/www.facebook.com\/RestARTcreativity\/","https:\/\/x.com\/restartproject4","https:\/\/www.instagram.com\/rest.artproject\/","https:\/\/www.youtube.com\/channel\/UCn2A6wwqZxKR5Ss_sj4aBrQ"]},{"@type":"Person","@id":"https:\/\/jointstories.eu\/#\/schema\/person\/4541395b0f23dadd620e112222a32f63","name":"Pilar Naranjo","image":{"@type":"ImageObject","inLanguage":"fr-FR","@id":"https:\/\/secure.gravatar.com\/avatar\/6c3701bd750446036712a63c990dba4d500829ed79941a2d66e25781071341bd?s=96&d=mm&r=g","url":"https:\/\/secure.gravatar.com\/avatar\/6c3701bd750446036712a63c990dba4d500829ed79941a2d66e25781071341bd?s=96&d=mm&r=g","contentUrl":"https:\/\/secure.gravatar.com\/avatar\/6c3701bd750446036712a63c990dba4d500829ed79941a2d66e25781071341bd?s=96&d=mm&r=g","caption":"Pilar Naranjo"},"url":"https:\/\/jointstories.eu\/fr\/author\/pili-incoma-2\/"}]}},"_links":{"self":[{"href":"https:\/\/jointstories.eu\/fr\/wp-json\/wp\/v2\/posts\/4604","targetHints":{"allow":["GET"]}}],"collection":[{"href":"https:\/\/jointstories.eu\/fr\/wp-json\/wp\/v2\/posts"}],"about":[{"href":"https:\/\/jointstories.eu\/fr\/wp-json\/wp\/v2\/types\/post"}],"author":[{"embeddable":true,"href":"https:\/\/jointstories.eu\/fr\/wp-json\/wp\/v2\/users\/12"}],"replies":[{"embeddable":true,"href":"https:\/\/jointstories.eu\/fr\/wp-json\/wp\/v2\/comments?post=4604"}],"version-history":[{"count":4,"href":"https:\/\/jointstories.eu\/fr\/wp-json\/wp\/v2\/posts\/4604\/revisions"}],"predecessor-version":[{"id":4610,"href":"https:\/\/jointstories.eu\/fr\/wp-json\/wp\/v2\/posts\/4604\/revisions\/4610"}],"wp:featuredmedia":[{"embeddable":true,"href":"https:\/\/jointstories.eu\/fr\/wp-json\/wp\/v2\/media\/4606"}],"wp:attachment":[{"href":"https:\/\/jointstories.eu\/fr\/wp-json\/wp\/v2\/media?parent=4604"}],"wp:term":[{"taxonomy":"category","embeddable":true,"href":"https:\/\/jointstories.eu\/fr\/wp-json\/wp\/v2\/categories?post=4604"},{"taxonomy":"post_tag","embeddable":true,"href":"https:\/\/jointstories.eu\/fr\/wp-json\/wp\/v2\/tags?post=4604"}],"curies":[{"name":"wp","href":"https:\/\/api.w.org\/{rel}","templated":true}]}}