{"id":3487,"date":"2024-12-04T07:33:14","date_gmt":"2024-12-04T07:33:14","guid":{"rendered":"https:\/\/jointstories.eu\/?p=3487"},"modified":"2025-04-07T10:08:59","modified_gmt":"2025-04-07T10:08:59","slug":"laurea-students-awarded-for-their-thesis-on-human-rights","status":"publish","type":"post","link":"https:\/\/jointstories.eu\/fi\/laurea-students-awarded-for-their-thesis-on-human-rights\/","title":{"rendered":"Laurean opiskelijat palkittiin ihmisoikeusty\u00f6st\u00e4\u00e4n!"},"content":{"rendered":"<div data-elementor-type=\"wp-post\" data-elementor-id=\"3487\" class=\"elementor elementor-3487\" data-elementor-settings=\"{&quot;ha_cmc_init_switcher&quot;:&quot;no&quot;}\">\n\t\t\t\t\t\t<section class=\"elementor-section elementor-top-section elementor-element elementor-element-64555778 elementor-section-boxed elementor-section-height-default elementor-section-height-default wpr-particle-no wpr-jarallax-no wpr-parallax-no wpr-sticky-section-no wpr-equal-height-no\" data-id=\"64555778\" data-element_type=\"section\" data-e-type=\"section\" data-settings=\"{&quot;background_background&quot;:&quot;gradient&quot;}\">\n\t\t\t\t\t\t<div class=\"elementor-container elementor-column-gap-no\">\n\t\t\t\t\t<div class=\"elementor-column elementor-col-100 elementor-top-column elementor-element elementor-element-47346218\" data-id=\"47346218\" data-element_type=\"column\" data-e-type=\"column\">\n\t\t\t<div class=\"elementor-widget-wrap elementor-element-populated\">\n\t\t\t\t\t\t<div class=\"elementor-element elementor-element-16966c0 elementor-widget elementor-widget-heading\" data-id=\"16966c0\" data-element_type=\"widget\" data-e-type=\"widget\" data-widget_type=\"heading.default\">\n\t\t\t\t\t<h2 class=\"elementor-heading-title elementor-size-default\">Laurean opiskelijat palkittiin ihmisoikeusaiheisesta opinn\u00e4ytety\u00f6st\u00e4\u00e4n<\/h2>\t\t\t\t<\/div>\n\t\t\t\t<section class=\"elementor-section elementor-inner-section elementor-element elementor-element-11555862 elementor-section-full_width elementor-section-height-default elementor-section-height-default wpr-particle-no wpr-jarallax-no wpr-parallax-no wpr-sticky-section-no wpr-equal-height-no\" data-id=\"11555862\" data-element_type=\"section\" data-e-type=\"section\">\n\t\t\t\t\t\t<div class=\"elementor-container elementor-column-gap-default\">\n\t\t\t\t\t<div class=\"elementor-column elementor-col-50 elementor-inner-column elementor-element elementor-element-42092af8\" data-id=\"42092af8\" data-element_type=\"column\" data-e-type=\"column\">\n\t\t\t<div class=\"elementor-widget-wrap elementor-element-populated\">\n\t\t\t\t\t\t<div class=\"elementor-element elementor-element-e5967cc elementor-widget elementor-widget-text-editor\" data-id=\"e5967cc\" data-element_type=\"widget\" data-e-type=\"widget\" data-widget_type=\"text-editor.default\">\n\t\t\t\t\t\t\t\t\t<p>Laurean vankeinhoitolaitoksen opiskelijat Emmi Anttila ja Damien Mikkil\u00e4 palkittiin kahdesti erinomaisesta ihmiskauppaa k\u00e4sittelev\u00e4st\u00e4 kandidaatintutkielmastaan Erasmus+ -projektissa JeS (Joint eStories: Journeys from Fear to Fair). Anttila ja Mikkil\u00e4 saivat sek\u00e4 Laurean palkinnon ett\u00e4 Suomen Rikollisj\u00e4rjest\u00f6n (KJ L\u00e5ng Fund) my\u00f6nt\u00e4m\u00e4n palkinnon kes\u00e4ll\u00e4 2024. Opinn\u00e4ytety\u00f6t\u00e4 ohjasi Laurean lehtori ja JeS-tutkija Minna Anthoni.<\/p><p>Tutustu heid\u00e4n opinn\u00e4ytet\u00f6ihins\u00e4:<\/p>\t\t\t\t\t\t\t\t<\/div>\n\t\t\t\t<div class=\"elementor-element elementor-element-20e4045 elementor-widget elementor-widget-button\" data-id=\"20e4045\" data-element_type=\"widget\" data-e-type=\"widget\" data-widget_type=\"button.default\">\n\t\t\t\t\t\t\t\t\t\t<a class=\"elementor-button elementor-button-link elementor-size-sm\" href=\"https:\/\/www.theseus.fi\/handle\/10024\/853662\">\n\t\t\t\t\t\t<span class=\"elementor-button-content-wrapper\">\n\t\t\t\t\t\t\t\t\t<span class=\"elementor-button-text\">Klikkaa t\u00e4st\u00e4<\/span>\n\t\t\t\t\t<\/span>\n\t\t\t\t\t<\/a>\n\t\t\t\t\t\t\t\t<\/div>\n\t\t\t\t<div class=\"elementor-element elementor-element-e0010cb elementor-widget elementor-widget-button\" data-id=\"e0010cb\" data-element_type=\"widget\" data-e-type=\"widget\" data-widget_type=\"button.default\">\n\t\t\t\t\t\t\t\t\t\t<a class=\"elementor-button elementor-button-link elementor-size-sm\" href=\"https:\/\/urn.fi\/URN:NBN:fi:amk-202405049149\">\n\t\t\t\t\t\t<span class=\"elementor-button-content-wrapper\">\n\t\t\t\t\t\t\t\t\t<span class=\"elementor-button-text\">Klikkaa t\u00e4st\u00e4<\/span>\n\t\t\t\t\t<\/span>\n\t\t\t\t\t<\/a>\n\t\t\t\t\t\t\t\t<\/div>\n\t\t\t\t\t<\/div>\n\t\t<\/div>\n\t\t\t\t<div class=\"elementor-column elementor-col-50 elementor-inner-column elementor-element elementor-element-183f6476\" data-id=\"183f6476\" data-element_type=\"column\" data-e-type=\"column\">\n\t\t\t<div class=\"elementor-widget-wrap\">\n\t\t\t\t\t\t\t<\/div>\n\t\t<\/div>\n\t\t\t\t\t<\/div>\n\t\t<\/section>\n\t\t\t\t\t<\/div>\n\t\t<\/div>\n\t\t\t\t\t<\/div>\n\t\t<\/section>\n\t\t\t\t<section class=\"elementor-section elementor-top-section elementor-element elementor-element-10c9e661 elementor-section-full_width elementor-section-height-default elementor-section-height-default wpr-particle-no wpr-jarallax-no wpr-parallax-no wpr-sticky-section-no wpr-equal-height-no\" data-id=\"10c9e661\" data-element_type=\"section\" data-e-type=\"section\" data-settings=\"{&quot;background_background&quot;:&quot;gradient&quot;}\">\n\t\t\t\t\t\t<div class=\"elementor-container elementor-column-gap-default\">\n\t\t\t\t\t<div class=\"elementor-column elementor-col-100 elementor-top-column elementor-element elementor-element-13a91576\" data-id=\"13a91576\" data-element_type=\"column\" data-e-type=\"column\" data-settings=\"{&quot;background_background&quot;:&quot;classic&quot;}\">\n\t\t\t<div class=\"elementor-widget-wrap elementor-element-populated\">\n\t\t\t\t\t<div class=\"elementor-background-overlay\"><\/div>\n\t\t\t\t\t\t<div class=\"elementor-element elementor-element-48d43831 elementor-widget elementor-widget-heading\" data-id=\"48d43831\" data-element_type=\"widget\" data-e-type=\"widget\" data-widget_type=\"heading.default\">\n\t\t\t\t\t<h3 class=\"elementor-heading-title elementor-size-default\">Yhteisty\u00f6kumppanit<\/h3>\t\t\t\t<\/div>\n\t\t\t\t<section class=\"elementor-section elementor-inner-section elementor-element elementor-element-43461530 elementor-section-full_width elementor-section-height-default elementor-section-height-default wpr-particle-no wpr-jarallax-no wpr-parallax-no wpr-sticky-section-no wpr-equal-height-no\" data-id=\"43461530\" data-element_type=\"section\" data-e-type=\"section\" data-settings=\"{&quot;background_background&quot;:&quot;classic&quot;}\">\n\t\t\t\t\t\t<div class=\"elementor-container elementor-column-gap-no\">\n\t\t\t\t\t<div class=\"elementor-column elementor-col-16 elementor-inner-column elementor-element elementor-element-6ab98a5e\" data-id=\"6ab98a5e\" data-element_type=\"column\" data-e-type=\"column\">\n\t\t\t<div class=\"elementor-widget-wrap elementor-element-populated\">\n\t\t\t\t\t\t<div class=\"elementor-element elementor-element-73f665fc elementor-widget elementor-widget-image\" data-id=\"73f665fc\" data-element_type=\"widget\" data-e-type=\"widget\" data-widget_type=\"image.default\">\n\t\t\t\t\t\t\t\t\t\t\t\t\t\t\t\t<a href=\"https:\/\/www.um.si\/en\/home-page\/\" target=\"_blank\">\n\t\t\t\t\t\t\t<img decoding=\"async\" width=\"222\" height=\"119\" src=\"https:\/\/jointstories.eu\/wp-content\/uploads\/2023\/04\/MAribor.png\" class=\"elementor-animation-grow attachment-full size-full wp-image-2037\" alt=\"University of Maribor\" srcset=\"https:\/\/jointstories.eu\/wp-content\/uploads\/2023\/04\/MAribor.png 222w, https:\/\/jointstories.eu\/wp-content\/uploads\/2023\/04\/MAribor-18x10.png 18w\" sizes=\"(max-width: 222px) 100vw, 222px\" \/>\t\t\t\t\t\t\t\t<\/a>\n\t\t\t\t\t\t\t\t\t\t\t\t\t\t\t<\/div>\n\t\t\t\t\t<\/div>\n\t\t<\/div>\n\t\t\t\t<div class=\"elementor-column elementor-col-16 elementor-inner-column elementor-element elementor-element-7281dd41\" data-id=\"7281dd41\" data-element_type=\"column\" data-e-type=\"column\">\n\t\t\t<div class=\"elementor-widget-wrap elementor-element-populated\">\n\t\t\t\t\t\t<div class=\"elementor-element elementor-element-19bf13cb elementor-widget elementor-widget-image\" data-id=\"19bf13cb\" data-element_type=\"widget\" data-e-type=\"widget\" data-widget_type=\"image.default\">\n\t\t\t\t\t\t\t\t\t\t\t\t\t\t\t\t<a href=\"https:\/\/europeanmigrantplatform.eu\/\" target=\"_blank\">\n\t\t\t\t\t\t\t<img decoding=\"async\" width=\"222\" height=\"119\" src=\"https:\/\/jointstories.eu\/wp-content\/uploads\/2023\/04\/EMP.png\" class=\"elementor-animation-grow attachment-full size-full wp-image-2033\" alt=\"European Migrant Platform\" srcset=\"https:\/\/jointstories.eu\/wp-content\/uploads\/2023\/04\/EMP.png 222w, https:\/\/jointstories.eu\/wp-content\/uploads\/2023\/04\/EMP-18x10.png 18w\" sizes=\"(max-width: 222px) 100vw, 222px\" \/>\t\t\t\t\t\t\t\t<\/a>\n\t\t\t\t\t\t\t\t\t\t\t\t\t\t\t<\/div>\n\t\t\t\t\t<\/div>\n\t\t<\/div>\n\t\t\t\t<div class=\"elementor-column elementor-col-16 elementor-inner-column elementor-element elementor-element-5af513bb\" data-id=\"5af513bb\" data-element_type=\"column\" data-e-type=\"column\">\n\t\t\t<div class=\"elementor-widget-wrap elementor-element-populated\">\n\t\t\t\t\t\t<div class=\"elementor-element elementor-element-7190cce elementor-widget elementor-widget-image\" data-id=\"7190cce\" data-element_type=\"widget\" data-e-type=\"widget\" data-widget_type=\"image.default\">\n\t\t\t\t\t\t\t\t\t\t\t\t\t\t\t\t<a href=\"https:\/\/www.laurea.fi\/en\/\" target=\"_blank\">\n\t\t\t\t\t\t\t<img decoding=\"async\" width=\"222\" height=\"119\" src=\"https:\/\/jointstories.eu\/wp-content\/uploads\/2023\/04\/LAUREA.png\" class=\"elementor-animation-grow attachment-full size-full wp-image-2035\" alt=\"Laurea\" srcset=\"https:\/\/jointstories.eu\/wp-content\/uploads\/2023\/04\/LAUREA.png 222w, https:\/\/jointstories.eu\/wp-content\/uploads\/2023\/04\/LAUREA-18x10.png 18w\" sizes=\"(max-width: 222px) 100vw, 222px\" \/>\t\t\t\t\t\t\t\t<\/a>\n\t\t\t\t\t\t\t\t\t\t\t\t\t\t\t<\/div>\n\t\t\t\t\t<\/div>\n\t\t<\/div>\n\t\t\t\t<div class=\"elementor-column elementor-col-16 elementor-inner-column elementor-element elementor-element-3674d1c8\" data-id=\"3674d1c8\" data-element_type=\"column\" data-e-type=\"column\">\n\t\t\t<div class=\"elementor-widget-wrap elementor-element-populated\">\n\t\t\t\t\t\t<div class=\"elementor-element elementor-element-54126f32 elementor-widget elementor-widget-image\" data-id=\"54126f32\" data-element_type=\"widget\" data-e-type=\"widget\" data-widget_type=\"image.default\">\n\t\t\t\t\t\t\t\t\t\t\t\t<figure class=\"wp-caption\">\n\t\t\t\t\t\t\t\t\t\t\t<a href=\"https:\/\/www.ucll.be\/en\" target=\"_blank\">\n\t\t\t\t\t\t\t<img loading=\"lazy\" decoding=\"async\" width=\"222\" height=\"119\" src=\"https:\/\/jointstories.eu\/wp-content\/uploads\/2023\/04\/Logo_UCLL_ENG_RGB_negatief.png\" class=\"elementor-animation-grow attachment-full size-full wp-image-2036\" alt=\"University of Applied Sciences\" srcset=\"https:\/\/jointstories.eu\/wp-content\/uploads\/2023\/04\/Logo_UCLL_ENG_RGB_negatief.png 222w, https:\/\/jointstories.eu\/wp-content\/uploads\/2023\/04\/Logo_UCLL_ENG_RGB_negatief-18x10.png 18w\" sizes=\"(max-width: 222px) 100vw, 222px\" \/>\t\t\t\t\t\t\t\t<\/a>\n\t\t\t\t\t\t\t\t\t\t\t<figcaption class=\"widget-image-caption wp-caption-text\"><\/figcaption>\n\t\t\t\t\t\t\t\t\t\t<\/figure>\n\t\t\t\t\t\t\t\t\t<\/div>\n\t\t\t\t\t<\/div>\n\t\t<\/div>\n\t\t\t\t<div class=\"elementor-column elementor-col-16 elementor-inner-column elementor-element elementor-element-41fc3324\" data-id=\"41fc3324\" data-element_type=\"column\" data-e-type=\"column\">\n\t\t\t<div class=\"elementor-widget-wrap elementor-element-populated\">\n\t\t\t\t\t\t<div class=\"elementor-element elementor-element-22ec581a elementor-widget elementor-widget-image\" data-id=\"22ec581a\" data-element_type=\"widget\" data-e-type=\"widget\" data-widget_type=\"image.default\">\n\t\t\t\t\t\t\t\t\t\t\t\t\t\t\t\t<a href=\"https:\/\/cesie.org\/\" target=\"_blank\">\n\t\t\t\t\t\t\t<img loading=\"lazy\" decoding=\"async\" width=\"222\" height=\"119\" src=\"https:\/\/jointstories.eu\/wp-content\/uploads\/2023\/04\/cesie.png\" class=\"elementor-animation-grow attachment-full size-full wp-image-2039\" alt=\"Cesie\" srcset=\"https:\/\/jointstories.eu\/wp-content\/uploads\/2023\/04\/cesie.png 222w, https:\/\/jointstories.eu\/wp-content\/uploads\/2023\/04\/cesie-18x10.png 18w\" sizes=\"(max-width: 222px) 100vw, 222px\" \/>\t\t\t\t\t\t\t\t<\/a>\n\t\t\t\t\t\t\t\t\t\t\t\t\t\t\t<\/div>\n\t\t\t\t\t<\/div>\n\t\t<\/div>\n\t\t\t\t<div class=\"elementor-column elementor-col-16 elementor-inner-column elementor-element elementor-element-b5a6fc0\" data-id=\"b5a6fc0\" data-element_type=\"column\" data-e-type=\"column\">\n\t\t\t<div class=\"elementor-widget-wrap elementor-element-populated\">\n\t\t\t\t\t\t<div class=\"elementor-element elementor-element-17b6ddac elementor-widget elementor-widget-image\" data-id=\"17b6ddac\" data-element_type=\"widget\" data-e-type=\"widget\" data-widget_type=\"image.default\">\n\t\t\t\t\t\t\t\t\t\t\t\t\t\t\t\t<a href=\"https:\/\/incoma-projects.eu\/\" target=\"_blank\">\n\t\t\t\t\t\t\t<img loading=\"lazy\" decoding=\"async\" width=\"222\" height=\"119\" src=\"https:\/\/jointstories.eu\/wp-content\/uploads\/2023\/04\/incoma.png\" class=\"elementor-animation-grow attachment-full size-full wp-image-2034\" alt=\"INCOMA\" srcset=\"https:\/\/jointstories.eu\/wp-content\/uploads\/2023\/04\/incoma.png 222w, https:\/\/jointstories.eu\/wp-content\/uploads\/2023\/04\/incoma-18x10.png 18w\" sizes=\"(max-width: 222px) 100vw, 222px\" \/>\t\t\t\t\t\t\t\t<\/a>\n\t\t\t\t\t\t\t\t\t\t\t\t\t\t\t<\/div>\n\t\t\t\t\t<\/div>\n\t\t<\/div>\n\t\t\t\t\t<\/div>\n\t\t<\/section>\n\t\t\t\t\t<\/div>\n\t\t<\/div>\n\t\t\t\t\t<\/div>\n\t\t<\/section>\n\t\t\t\t<\/div>","protected":false},"excerpt":{"rendered":"<p>Konsortion muodostavat organisaatiot Suomesta, Espanjasta, Belgiasta, Italiasta ja Sloveniasta.<\/p>\n<p>Jokainen hankekumppani on oman alansa asiantuntija, joka tekee yhteisty\u00f6t\u00e4 parhaan mahdollisen tuloksen saamiseksi sidosryhmille ja tuleville edunsaajille.<\/p>","protected":false},"author":8,"featured_media":3446,"comment_status":"open","ping_status":"open","sticky":false,"template":"","format":"standard","meta":{"site-sidebar-layout":"default","site-content-layout":"","ast-site-content-layout":"default","site-content-style":"default","site-sidebar-style":"default","ast-global-header-display":"","ast-banner-title-visibility":"","ast-main-header-display":"","ast-hfb-above-header-display":"","ast-hfb-below-header-display":"","ast-hfb-mobile-header-display":"","site-post-title":"","ast-breadcrumbs-content":"","ast-featured-img":"disabled","footer-sml-layout":"","ast-disable-related-posts":"","theme-transparent-header-meta":"","adv-header-id-meta":"","stick-header-meta":"","header-above-stick-meta":"","header-main-stick-meta":"","header-below-stick-meta":"","astra-migrate-meta-layouts":"set","ast-page-background-enabled":"default","ast-page-background-meta":{"desktop":{"background-color":"","background-image":"","background-repeat":"repeat","background-position":"center center","background-size":"auto","background-attachment":"scroll","background-type":"","background-media":"","overlay-type":"","overlay-color":"","overlay-opacity":"","overlay-gradient":""},"tablet":{"background-color":"","background-image":"","background-repeat":"repeat","background-position":"center center","background-size":"auto","background-attachment":"scroll","background-type":"","background-media":"","overlay-type":"","overlay-color":"","overlay-opacity":"","overlay-gradient":""},"mobile":{"background-color":"","background-image":"","background-repeat":"repeat","background-position":"center center","background-size":"auto","background-attachment":"scroll","background-type":"","background-media":"","overlay-type":"","overlay-color":"","overlay-opacity":"","overlay-gradient":""}},"ast-content-background-meta":{"desktop":{"background-color":"var(--ast-global-color-5)","background-image":"","background-repeat":"repeat","background-position":"center center","background-size":"auto","background-attachment":"scroll","background-type":"","background-media":"","overlay-type":"","overlay-color":"","overlay-opacity":"","overlay-gradient":""},"tablet":{"background-color":"var(--ast-global-color-5)","background-image":"","background-repeat":"repeat","background-position":"center center","background-size":"auto","background-attachment":"scroll","background-type":"","background-media":"","overlay-type":"","overlay-color":"","overlay-opacity":"","overlay-gradient":""},"mobile":{"background-color":"var(--ast-global-color-5)","background-image":"","background-repeat":"repeat","background-position":"center center","background-size":"auto","background-attachment":"scroll","background-type":"","background-media":"","overlay-type":"","overlay-color":"","overlay-opacity":"","overlay-gradient":""}},"footnotes":""},"categories":[41],"tags":[],"class_list":["post-3487","post","type-post","status-publish","format-standard","has-post-thumbnail","hentry","category-news-and-events"],"yoast_head":"<!-- This site is optimized with the Yoast SEO plugin v27.5 - https:\/\/yoast.com\/product\/yoast-seo-wordpress\/ -->\n<title>Laurea students awarded for their thesis on Human Rights! - JeS<\/title>\n<meta name=\"description\" content=\"Laurea Correctional Services students Emmi Anttila and Damien Mikkil\u00e4 were awarded for their outstanding Bachelor&#039;s thesis on human trafficking, receiving the Laurea reward and the Finnish Criminalist Association&#039;s K.J. L\u00e5ng Fund prize in summer 2024.\" \/>\n<meta name=\"robots\" content=\"index, follow, max-snippet:-1, max-image-preview:large, max-video-preview:-1\" \/>\n<link rel=\"canonical\" href=\"https:\/\/jointstories.eu\/fi\/laurea-students-awarded-for-their-thesis-on-human-rights\/\" \/>\n<meta property=\"og:locale\" content=\"fi_FI\" \/>\n<meta property=\"og:type\" content=\"article\" \/>\n<meta property=\"og:title\" content=\"Laurea students awarded for their thesis on Human Rights! - JeS\" \/>\n<meta property=\"og:description\" content=\"Laurea Correctional Services students Emmi Anttila and Damien Mikkil\u00e4 were awarded for their outstanding Bachelor&#039;s thesis on human trafficking, receiving the Laurea reward and the Finnish Criminalist Association&#039;s K.J. L\u00e5ng Fund prize in summer 2024.\" \/>\n<meta property=\"og:url\" content=\"https:\/\/jointstories.eu\/fi\/laurea-students-awarded-for-their-thesis-on-human-rights\/\" \/>\n<meta property=\"og:site_name\" content=\"JeS\" \/>\n<meta property=\"article:publisher\" content=\"https:\/\/www.facebook.com\/RestARTcreativity\/\" \/>\n<meta property=\"article:published_time\" content=\"2024-12-04T07:33:14+00:00\" \/>\n<meta property=\"article:modified_time\" content=\"2025-04-07T10:08:59+00:00\" \/>\n<meta property=\"og:image\" content=\"https:\/\/jointstories.eu\/wp-content\/uploads\/2024\/11\/florian-klauer-mk7D-4UCfmg-unsplash-scaled-e1732193892389.jpg\" \/>\n\t<meta property=\"og:image:width\" content=\"1745\" \/>\n\t<meta property=\"og:image:height\" content=\"1553\" \/>\n\t<meta property=\"og:image:type\" content=\"image\/jpeg\" \/>\n<meta name=\"author\" content=\"Teniente Ripley\" \/>\n<meta name=\"twitter:card\" content=\"summary_large_image\" \/>\n<meta name=\"twitter:creator\" content=\"@restartproject4\" \/>\n<meta name=\"twitter:site\" content=\"@restartproject4\" \/>\n<meta name=\"twitter:label1\" content=\"Kirjoittanut\" \/>\n\t<meta name=\"twitter:data1\" content=\"Teniente Ripley\" \/>\n\t<meta name=\"twitter:label2\" content=\"Arvioitu lukuaika\" \/>\n\t<meta name=\"twitter:data2\" content=\"2 minuuttia\" \/>\n<script type=\"application\/ld+json\" class=\"yoast-schema-graph\">{\"@context\":\"https:\\\/\\\/schema.org\",\"@graph\":[{\"@type\":\"Article\",\"@id\":\"https:\\\/\\\/jointstories.eu\\\/laurea-students-awarded-for-their-thesis-on-human-rights\\\/#article\",\"isPartOf\":{\"@id\":\"https:\\\/\\\/jointstories.eu\\\/laurea-students-awarded-for-their-thesis-on-human-rights\\\/\"},\"author\":{\"name\":\"Teniente Ripley\",\"@id\":\"https:\\\/\\\/jointstories.eu\\\/#\\\/schema\\\/person\\\/260b9a6503e9c288eec496e3d8635b19\"},\"headline\":\"Laurea students awarded for their thesis on Human Rights!\",\"datePublished\":\"2024-12-04T07:33:14+00:00\",\"dateModified\":\"2025-04-07T10:08:59+00:00\",\"mainEntityOfPage\":{\"@id\":\"https:\\\/\\\/jointstories.eu\\\/laurea-students-awarded-for-their-thesis-on-human-rights\\\/\"},\"wordCount\":93,\"commentCount\":0,\"publisher\":{\"@id\":\"https:\\\/\\\/jointstories.eu\\\/#organization\"},\"image\":{\"@id\":\"https:\\\/\\\/jointstories.eu\\\/laurea-students-awarded-for-their-thesis-on-human-rights\\\/#primaryimage\"},\"thumbnailUrl\":\"https:\\\/\\\/jointstories.eu\\\/wp-content\\\/uploads\\\/2024\\\/11\\\/florian-klauer-mk7D-4UCfmg-unsplash-scaled-e1732193892389.jpg\",\"articleSection\":[\"News and Events\"],\"inLanguage\":\"fi\",\"potentialAction\":[{\"@type\":\"CommentAction\",\"name\":\"Comment\",\"target\":[\"https:\\\/\\\/jointstories.eu\\\/laurea-students-awarded-for-their-thesis-on-human-rights\\\/#respond\"]}]},{\"@type\":\"WebPage\",\"@id\":\"https:\\\/\\\/jointstories.eu\\\/laurea-students-awarded-for-their-thesis-on-human-rights\\\/\",\"url\":\"https:\\\/\\\/jointstories.eu\\\/laurea-students-awarded-for-their-thesis-on-human-rights\\\/\",\"name\":\"Laurea students awarded for their thesis on Human Rights! - JeS\",\"isPartOf\":{\"@id\":\"https:\\\/\\\/jointstories.eu\\\/#website\"},\"primaryImageOfPage\":{\"@id\":\"https:\\\/\\\/jointstories.eu\\\/laurea-students-awarded-for-their-thesis-on-human-rights\\\/#primaryimage\"},\"image\":{\"@id\":\"https:\\\/\\\/jointstories.eu\\\/laurea-students-awarded-for-their-thesis-on-human-rights\\\/#primaryimage\"},\"thumbnailUrl\":\"https:\\\/\\\/jointstories.eu\\\/wp-content\\\/uploads\\\/2024\\\/11\\\/florian-klauer-mk7D-4UCfmg-unsplash-scaled-e1732193892389.jpg\",\"datePublished\":\"2024-12-04T07:33:14+00:00\",\"dateModified\":\"2025-04-07T10:08:59+00:00\",\"description\":\"Laurea Correctional Services students Emmi Anttila and Damien Mikkil\u00e4 were awarded for their outstanding Bachelor's thesis on human trafficking, receiving the Laurea reward and the Finnish Criminalist Association's K.J. L\u00e5ng Fund prize in summer 2024.\",\"breadcrumb\":{\"@id\":\"https:\\\/\\\/jointstories.eu\\\/laurea-students-awarded-for-their-thesis-on-human-rights\\\/#breadcrumb\"},\"inLanguage\":\"fi\",\"potentialAction\":[{\"@type\":\"ReadAction\",\"target\":[\"https:\\\/\\\/jointstories.eu\\\/laurea-students-awarded-for-their-thesis-on-human-rights\\\/\"]}]},{\"@type\":\"ImageObject\",\"inLanguage\":\"fi\",\"@id\":\"https:\\\/\\\/jointstories.eu\\\/laurea-students-awarded-for-their-thesis-on-human-rights\\\/#primaryimage\",\"url\":\"https:\\\/\\\/jointstories.eu\\\/wp-content\\\/uploads\\\/2024\\\/11\\\/florian-klauer-mk7D-4UCfmg-unsplash-scaled-e1732193892389.jpg\",\"contentUrl\":\"https:\\\/\\\/jointstories.eu\\\/wp-content\\\/uploads\\\/2024\\\/11\\\/florian-klauer-mk7D-4UCfmg-unsplash-scaled-e1732193892389.jpg\",\"width\":1745,\"height\":1553},{\"@type\":\"BreadcrumbList\",\"@id\":\"https:\\\/\\\/jointstories.eu\\\/laurea-students-awarded-for-their-thesis-on-human-rights\\\/#breadcrumb\",\"itemListElement\":[{\"@type\":\"ListItem\",\"position\":1,\"name\":\"Portada\",\"item\":\"https:\\\/\\\/jointstories.eu\\\/\"},{\"@type\":\"ListItem\",\"position\":2,\"name\":\"Laurea students awarded for their thesis on Human Rights!\"}]},{\"@type\":\"WebSite\",\"@id\":\"https:\\\/\\\/jointstories.eu\\\/#website\",\"url\":\"https:\\\/\\\/jointstories.eu\\\/\",\"name\":\"JeS\",\"description\":\"Joint Stories: Journeys from fear to fair\",\"publisher\":{\"@id\":\"https:\\\/\\\/jointstories.eu\\\/#organization\"},\"potentialAction\":[{\"@type\":\"SearchAction\",\"target\":{\"@type\":\"EntryPoint\",\"urlTemplate\":\"https:\\\/\\\/jointstories.eu\\\/?s={search_term_string}\"},\"query-input\":{\"@type\":\"PropertyValueSpecification\",\"valueRequired\":true,\"valueName\":\"search_term_string\"}}],\"inLanguage\":\"fi\"},{\"@type\":\"Organization\",\"@id\":\"https:\\\/\\\/jointstories.eu\\\/#organization\",\"name\":\"JeS\",\"url\":\"https:\\\/\\\/jointstories.eu\\\/\",\"logo\":{\"@type\":\"ImageObject\",\"inLanguage\":\"fi\",\"@id\":\"https:\\\/\\\/jointstories.eu\\\/#\\\/schema\\\/logo\\\/image\\\/\",\"url\":\"https:\\\/\\\/jointstories.eu\\\/wp-content\\\/uploads\\\/2022\\\/05\\\/LogoHomeRestart1920x960.png\",\"contentUrl\":\"https:\\\/\\\/jointstories.eu\\\/wp-content\\\/uploads\\\/2022\\\/05\\\/LogoHomeRestart1920x960.png\",\"width\":1920,\"height\":960,\"caption\":\"JeS\"},\"image\":{\"@id\":\"https:\\\/\\\/jointstories.eu\\\/#\\\/schema\\\/logo\\\/image\\\/\"},\"sameAs\":[\"https:\\\/\\\/www.facebook.com\\\/RestARTcreativity\\\/\",\"https:\\\/\\\/x.com\\\/restartproject4\",\"https:\\\/\\\/www.instagram.com\\\/rest.artproject\\\/\",\"https:\\\/\\\/www.youtube.com\\\/channel\\\/UCn2A6wwqZxKR5Ss_sj4aBrQ\"]},{\"@type\":\"Person\",\"@id\":\"https:\\\/\\\/jointstories.eu\\\/#\\\/schema\\\/person\\\/260b9a6503e9c288eec496e3d8635b19\",\"name\":\"Teniente Ripley\",\"image\":{\"@type\":\"ImageObject\",\"inLanguage\":\"fi\",\"@id\":\"https:\\\/\\\/secure.gravatar.com\\\/avatar\\\/b81ee66d331fcad414f051ba9c311457006816aee9db788dbaf0084f0656cb6e?s=96&d=mm&r=g\",\"url\":\"https:\\\/\\\/secure.gravatar.com\\\/avatar\\\/b81ee66d331fcad414f051ba9c311457006816aee9db788dbaf0084f0656cb6e?s=96&d=mm&r=g\",\"contentUrl\":\"https:\\\/\\\/secure.gravatar.com\\\/avatar\\\/b81ee66d331fcad414f051ba9c311457006816aee9db788dbaf0084f0656cb6e?s=96&d=mm&r=g\",\"caption\":\"Teniente Ripley\"},\"url\":\"https:\\\/\\\/jointstories.eu\\\/fi\\\/author\\\/pili-incoma\\\/\"}]}<\/script>\n<!-- \/ Yoast SEO plugin. -->","yoast_head_json":{"title":"Laurean opiskelijat palkittiin ihmisoikeuksia k\u00e4sittelev\u00e4st\u00e4 opinn\u00e4ytety\u00f6st\u00e4\u00e4n! - JeS","description":"Laurean vankeinhoitolaitoksen opiskelijat Emmi Anttila ja Damien Mikkil\u00e4 palkittiin erinomaisesta ihmiskauppaa k\u00e4sittelev\u00e4st\u00e4 kandidaatintutkielmastaan. Heille my\u00f6nnettiin Laurean palkinto ja Suomen Rikollisj\u00e4rjest\u00f6n KJ L\u00e5ng -rahaston palkinto kes\u00e4ll\u00e4 2024.","robots":{"index":"index","follow":"follow","max-snippet":"max-snippet:-1","max-image-preview":"max-image-preview:large","max-video-preview":"max-video-preview:-1"},"canonical":"https:\/\/jointstories.eu\/fi\/laurea-students-awarded-for-their-thesis-on-human-rights\/","og_locale":"fi_FI","og_type":"article","og_title":"Laurea students awarded for their thesis on Human Rights! - JeS","og_description":"Laurea Correctional Services students Emmi Anttila and Damien Mikkil\u00e4 were awarded for their outstanding Bachelor's thesis on human trafficking, receiving the Laurea reward and the Finnish Criminalist Association's K.J. L\u00e5ng Fund prize in summer 2024.","og_url":"https:\/\/jointstories.eu\/fi\/laurea-students-awarded-for-their-thesis-on-human-rights\/","og_site_name":"JeS","article_publisher":"https:\/\/www.facebook.com\/RestARTcreativity\/","article_published_time":"2024-12-04T07:33:14+00:00","article_modified_time":"2025-04-07T10:08:59+00:00","og_image":[{"width":1745,"height":1553,"url":"https:\/\/jointstories.eu\/wp-content\/uploads\/2024\/11\/florian-klauer-mk7D-4UCfmg-unsplash-scaled-e1732193892389.jpg","type":"image\/jpeg"}],"author":"Teniente Ripley","twitter_card":"summary_large_image","twitter_creator":"@restartproject4","twitter_site":"@restartproject4","twitter_misc":{"Kirjoittanut":"Teniente Ripley","Arvioitu lukuaika":"2 minuuttia"},"schema":{"@context":"https:\/\/schema.org","@graph":[{"@type":"Article","@id":"https:\/\/jointstories.eu\/laurea-students-awarded-for-their-thesis-on-human-rights\/#article","isPartOf":{"@id":"https:\/\/jointstories.eu\/laurea-students-awarded-for-their-thesis-on-human-rights\/"},"author":{"name":"Teniente Ripley","@id":"https:\/\/jointstories.eu\/#\/schema\/person\/260b9a6503e9c288eec496e3d8635b19"},"headline":"Laurea students awarded for their thesis on Human Rights!","datePublished":"2024-12-04T07:33:14+00:00","dateModified":"2025-04-07T10:08:59+00:00","mainEntityOfPage":{"@id":"https:\/\/jointstories.eu\/laurea-students-awarded-for-their-thesis-on-human-rights\/"},"wordCount":93,"commentCount":0,"publisher":{"@id":"https:\/\/jointstories.eu\/#organization"},"image":{"@id":"https:\/\/jointstories.eu\/laurea-students-awarded-for-their-thesis-on-human-rights\/#primaryimage"},"thumbnailUrl":"https:\/\/jointstories.eu\/wp-content\/uploads\/2024\/11\/florian-klauer-mk7D-4UCfmg-unsplash-scaled-e1732193892389.jpg","articleSection":["News and Events"],"inLanguage":"fi","potentialAction":[{"@type":"CommentAction","name":"Comment","target":["https:\/\/jointstories.eu\/laurea-students-awarded-for-their-thesis-on-human-rights\/#respond"]}]},{"@type":"WebPage","@id":"https:\/\/jointstories.eu\/laurea-students-awarded-for-their-thesis-on-human-rights\/","url":"https:\/\/jointstories.eu\/laurea-students-awarded-for-their-thesis-on-human-rights\/","name":"Laurean opiskelijat palkittiin ihmisoikeuksia k\u00e4sittelev\u00e4st\u00e4 opinn\u00e4ytety\u00f6st\u00e4\u00e4n! - JeS","isPartOf":{"@id":"https:\/\/jointstories.eu\/#website"},"primaryImageOfPage":{"@id":"https:\/\/jointstories.eu\/laurea-students-awarded-for-their-thesis-on-human-rights\/#primaryimage"},"image":{"@id":"https:\/\/jointstories.eu\/laurea-students-awarded-for-their-thesis-on-human-rights\/#primaryimage"},"thumbnailUrl":"https:\/\/jointstories.eu\/wp-content\/uploads\/2024\/11\/florian-klauer-mk7D-4UCfmg-unsplash-scaled-e1732193892389.jpg","datePublished":"2024-12-04T07:33:14+00:00","dateModified":"2025-04-07T10:08:59+00:00","description":"Laurean vankeinhoitolaitoksen opiskelijat Emmi Anttila ja Damien Mikkil\u00e4 palkittiin erinomaisesta ihmiskauppaa k\u00e4sittelev\u00e4st\u00e4 kandidaatintutkielmastaan. Heille my\u00f6nnettiin Laurean palkinto ja Suomen Rikollisj\u00e4rjest\u00f6n KJ L\u00e5ng -rahaston palkinto kes\u00e4ll\u00e4 2024.","breadcrumb":{"@id":"https:\/\/jointstories.eu\/laurea-students-awarded-for-their-thesis-on-human-rights\/#breadcrumb"},"inLanguage":"fi","potentialAction":[{"@type":"ReadAction","target":["https:\/\/jointstories.eu\/laurea-students-awarded-for-their-thesis-on-human-rights\/"]}]},{"@type":"ImageObject","inLanguage":"fi","@id":"https:\/\/jointstories.eu\/laurea-students-awarded-for-their-thesis-on-human-rights\/#primaryimage","url":"https:\/\/jointstories.eu\/wp-content\/uploads\/2024\/11\/florian-klauer-mk7D-4UCfmg-unsplash-scaled-e1732193892389.jpg","contentUrl":"https:\/\/jointstories.eu\/wp-content\/uploads\/2024\/11\/florian-klauer-mk7D-4UCfmg-unsplash-scaled-e1732193892389.jpg","width":1745,"height":1553},{"@type":"BreadcrumbList","@id":"https:\/\/jointstories.eu\/laurea-students-awarded-for-their-thesis-on-human-rights\/#breadcrumb","itemListElement":[{"@type":"ListItem","position":1,"name":"Portada","item":"https:\/\/jointstories.eu\/"},{"@type":"ListItem","position":2,"name":"Laurea students awarded for their thesis on Human Rights!"}]},{"@type":"WebSite","@id":"https:\/\/jointstories.eu\/#website","url":"https:\/\/jointstories.eu\/","name":"JeS","description":"Yhteiset tarinat: Matkat pelosta oikeudenmukaisuuteen","publisher":{"@id":"https:\/\/jointstories.eu\/#organization"},"potentialAction":[{"@type":"SearchAction","target":{"@type":"EntryPoint","urlTemplate":"https:\/\/jointstories.eu\/?s={search_term_string}"},"query-input":{"@type":"PropertyValueSpecification","valueRequired":true,"valueName":"search_term_string"}}],"inLanguage":"fi"},{"@type":"Organization","@id":"https:\/\/jointstories.eu\/#organization","name":"JeS","url":"https:\/\/jointstories.eu\/","logo":{"@type":"ImageObject","inLanguage":"fi","@id":"https:\/\/jointstories.eu\/#\/schema\/logo\/image\/","url":"https:\/\/jointstories.eu\/wp-content\/uploads\/2022\/05\/LogoHomeRestart1920x960.png","contentUrl":"https:\/\/jointstories.eu\/wp-content\/uploads\/2022\/05\/LogoHomeRestart1920x960.png","width":1920,"height":960,"caption":"JeS"},"image":{"@id":"https:\/\/jointstories.eu\/#\/schema\/logo\/image\/"},"sameAs":["https:\/\/www.facebook.com\/RestARTcreativity\/","https:\/\/x.com\/restartproject4","https:\/\/www.instagram.com\/rest.artproject\/","https:\/\/www.youtube.com\/channel\/UCn2A6wwqZxKR5Ss_sj4aBrQ"]},{"@type":"Person","@id":"https:\/\/jointstories.eu\/#\/schema\/person\/260b9a6503e9c288eec496e3d8635b19","name":"Teniente Ripley","image":{"@type":"ImageObject","inLanguage":"fi","@id":"https:\/\/secure.gravatar.com\/avatar\/b81ee66d331fcad414f051ba9c311457006816aee9db788dbaf0084f0656cb6e?s=96&d=mm&r=g","url":"https:\/\/secure.gravatar.com\/avatar\/b81ee66d331fcad414f051ba9c311457006816aee9db788dbaf0084f0656cb6e?s=96&d=mm&r=g","contentUrl":"https:\/\/secure.gravatar.com\/avatar\/b81ee66d331fcad414f051ba9c311457006816aee9db788dbaf0084f0656cb6e?s=96&d=mm&r=g","caption":"Teniente Ripley"},"url":"https:\/\/jointstories.eu\/fi\/author\/pili-incoma\/"}]}},"_links":{"self":[{"href":"https:\/\/jointstories.eu\/fi\/wp-json\/wp\/v2\/posts\/3487","targetHints":{"allow":["GET"]}}],"collection":[{"href":"https:\/\/jointstories.eu\/fi\/wp-json\/wp\/v2\/posts"}],"about":[{"href":"https:\/\/jointstories.eu\/fi\/wp-json\/wp\/v2\/types\/post"}],"author":[{"embeddable":true,"href":"https:\/\/jointstories.eu\/fi\/wp-json\/wp\/v2\/users\/8"}],"replies":[{"embeddable":true,"href":"https:\/\/jointstories.eu\/fi\/wp-json\/wp\/v2\/comments?post=3487"}],"version-history":[{"count":7,"href":"https:\/\/jointstories.eu\/fi\/wp-json\/wp\/v2\/posts\/3487\/revisions"}],"predecessor-version":[{"id":3498,"href":"https:\/\/jointstories.eu\/fi\/wp-json\/wp\/v2\/posts\/3487\/revisions\/3498"}],"wp:featuredmedia":[{"embeddable":true,"href":"https:\/\/jointstories.eu\/fi\/wp-json\/wp\/v2\/media\/3446"}],"wp:attachment":[{"href":"https:\/\/jointstories.eu\/fi\/wp-json\/wp\/v2\/media?parent=3487"}],"wp:term":[{"taxonomy":"category","embeddable":true,"href":"https:\/\/jointstories.eu\/fi\/wp-json\/wp\/v2\/categories?post=3487"},{"taxonomy":"post_tag","embeddable":true,"href":"https:\/\/jointstories.eu\/fi\/wp-json\/wp\/v2\/tags?post=3487"}],"curies":[{"name":"wp","href":"https:\/\/api.w.org\/{rel}","templated":true}]}}