{"id":4604,"date":"2025-07-22T12:20:58","date_gmt":"2025-07-22T12:20:58","guid":{"rendered":"https:\/\/jointstories.eu\/?p=4604"},"modified":"2025-07-22T12:24:06","modified_gmt":"2025-07-22T12:24:06","slug":"progressing-towards-change-jes-enters-workpackage-4","status":"publish","type":"post","link":"https:\/\/jointstories.eu\/es\/progressing-towards-change-jes-enters-workpackage-4\/","title":{"rendered":"Avanzando hacia el cambio: JeS entra en WorkPackage 4"},"content":{"rendered":"<div data-elementor-type=\"wp-post\" data-elementor-id=\"4604\" class=\"elementor elementor-4604\" data-elementor-settings=\"{&quot;ha_cmc_init_switcher&quot;:&quot;no&quot;}\">\n\t\t\t\t\t\t<section class=\"elementor-section elementor-top-section elementor-element elementor-element-64555778 elementor-section-boxed elementor-section-height-default elementor-section-height-default wpr-particle-no wpr-jarallax-no wpr-parallax-no wpr-sticky-section-no wpr-equal-height-no\" data-id=\"64555778\" data-element_type=\"section\" data-e-type=\"section\" data-settings=\"{&quot;background_background&quot;:&quot;gradient&quot;}\">\n\t\t\t\t\t\t<div class=\"elementor-container elementor-column-gap-no\">\n\t\t\t\t\t<div class=\"elementor-column elementor-col-100 elementor-top-column elementor-element elementor-element-47346218\" data-id=\"47346218\" data-element_type=\"column\" data-e-type=\"column\">\n\t\t\t<div class=\"elementor-widget-wrap elementor-element-populated\">\n\t\t\t\t\t\t<div class=\"elementor-element elementor-element-16966c0 elementor-widget elementor-widget-heading\" data-id=\"16966c0\" data-element_type=\"widget\" data-e-type=\"widget\" data-widget_type=\"heading.default\">\n\t\t\t\t\t<h2 class=\"elementor-heading-title elementor-size-default\">Contar para transformar: Danilo Dolci, el c\u00edrculo may\u00e9utico y los c\u00edrculos narrativos<\/h2>\t\t\t\t<\/div>\n\t\t\t\t<section class=\"elementor-section elementor-inner-section elementor-element elementor-element-11555862 elementor-section-boxed elementor-section-height-default elementor-section-height-default wpr-particle-no wpr-jarallax-no wpr-parallax-no wpr-sticky-section-no wpr-equal-height-no\" data-id=\"11555862\" data-element_type=\"section\" data-e-type=\"section\">\n\t\t\t\t\t\t<div class=\"elementor-container elementor-column-gap-default\">\n\t\t\t\t\t<div class=\"elementor-column elementor-col-100 elementor-inner-column elementor-element elementor-element-42092af8\" data-id=\"42092af8\" data-element_type=\"column\" data-e-type=\"column\">\n\t\t\t<div class=\"elementor-widget-wrap elementor-element-populated\">\n\t\t\t\t\t\t<div class=\"elementor-element elementor-element-e5967cc elementor-widget elementor-widget-text-editor\" data-id=\"e5967cc\" data-element_type=\"widget\" data-e-type=\"widget\" data-widget_type=\"text-editor.default\">\n\t\t\t\t\t\t\t\t\t<p>En una era caracterizada por la comunicaci\u00f3n polarizada, un selecto grupo de educadores ha adoptado el poder transformador del di\u00e1logo para cultivar la conciencia y la solidaridad. Entre estos pioneros, Danilo Dolci \u2014poeta profundo, soci\u00f3logo perspicaz y educador dedicado\u2014 emerge como una figura eminente cuyos m\u00e9todos sit\u00faan la escucha, el cuestionamiento y la exploraci\u00f3n colectiva en la vanguardia de la pr\u00e1ctica educativa. Su legado, profundamente arraigado en los principios de la no violencia y la participaci\u00f3n comunitaria, sigue resonando hoy a trav\u00e9s de pr\u00e1cticas innovadoras como el C\u00edrculo May\u00e9utico y el C\u00edrculo de Narraciones.<\/p><p><strong>\u00a0<\/strong><\/p><p>A diferencia de los te\u00f3ricos acad\u00e9micos tradicionales, Dolci operaba desde la base, sumergi\u00e9ndose en el coraz\u00f3n de las comunidades como educador y activista. Un elemento central de su filosof\u00eda es el poder transformador de la pregunta, entendida no solo como una t\u00e9cnica para obtener respuestas correctas, sino como un catalizador para el pensamiento cr\u00edtico, la reflexi\u00f3n profunda y el descubrimiento colaborativo. En el C\u00edrculo May\u00e9utico, los participantes se re\u00fanen en un c\u00edrculo armonioso, desmantelando eficazmente la estructura jer\u00e1rquica convencional del aula. Dentro de este espacio igualitario, cada pregunta sirve como una chispa, iniciando vibrantes debates que revelan la riqueza del conocimiento que reside en cada uno.<\/p><p>Para Dolci, preguntas como &quot;\u00bfCu\u00e1l es tu sue\u00f1o?&quot; trascend\u00edan la mera expresi\u00f3n po\u00e9tica; representaban profundos actos educativos. El c\u00edrculo fomenta una din\u00e1mica horizontal donde el conocimiento no fluye del maestro al alumno, sino que surge de un intercambio entusiasta de ideas. Este m\u00e9todo empodera a los participantes para que aprovechen su autoconciencia, desarrollen habilidades de pensamiento cr\u00edtico y reconozcan sus capacidades inherentes, a la vez que forjan conexiones con otros y visualizan posibilidades para futuros transformadores.<\/p><p><strong>\u00a0<\/strong><\/p><p>A medida que el enfoque pedag\u00f3gico de Dolci evolucion\u00f3, se manifest\u00f3 en lo que hoy se conoce como Enfoque May\u00e9utico Rec\u00edproco (EMA), especialmente en el \u00e1mbito de la educaci\u00f3n de adultos. Este enfoque se ha implementado eficazmente en el trabajo con comunidades marginadas, personas migrantes y personas con bajo nivel de alfabetizaci\u00f3n, ya que busca reflexionar sobre sus propias narrativas y conocimientos compartidos.<\/p><p>El objetivo general trasciende la mera transmisi\u00f3n de contenido: aspira a cultivar un espacio enriquecedor de escucha activa donde los participantes puedan expresar sus inquietudes, necesidades y aspiraciones. En este enriquecedor entorno, los educadores asumen el rol de facilitadores del di\u00e1logo, alej\u00e1ndose de las figuras de autoridad tradicionales. El proceso de aprendizaje transforma a los participantes de receptores pasivos de informaci\u00f3n en cocreadores din\u00e1micos de conocimiento, empoder\u00e1ndolos para percibirse como componentes integrales de un tejido social m\u00e1s amplio. En este contexto, el aprendizaje emerge no solo como un viaje personal, sino tambi\u00e9n como un esfuerzo inherentemente colectivo y pol\u00edtico.<\/p><p><strong>\u00a0<\/strong><\/p><p>Paralelamente, otra pr\u00e1ctica dial\u00f3gica poderosa ha cobrado impulso: el C\u00edrculo de Cuentos, que la UNESCO respalda como una herramienta eficaz para desarrollar competencias interculturales y fomentar la cohesi\u00f3n social. Basado en el arte de la escucha activa, el C\u00edrculo de Cuentos enfatiza el intercambio de narrativas personales. Generalmente, con 5 a 10 participantes, invita a cada persona a compartir una breve experiencia personal en respuesta a una consigna com\u00fan. En este espacio sagrado, se eliminan las interrupciones, se retienen las evaluaciones y se desalientan los debates; en cambio, el enfoque se centra en la expresi\u00f3n aut\u00e9ntica y la escucha atenta.<\/p><p>Este m\u00e9todo, arraigado en tradiciones orales y pr\u00e1cticas de desarrollo comunitario, facilita el desarrollo de conexiones emocionales y relacionales entre las personas. A trav\u00e9s de la narraci\u00f3n, los participantes comienzan gradualmente a reconocer su identidad en los dem\u00e1s, aprenden a apreciar sus diferencias sin miedo y forjan v\u00ednculos que trascienden las barreras culturales, ling\u00fc\u00edsticas o generacionales. Los C\u00edrculos de Cuentos son especialmente prometedores en contextos relacionados con la migraci\u00f3n, la participaci\u00f3n juvenil y el di\u00e1logo intercultural, ya que mitigan eficazmente los sentimientos de aislamiento y fomentan la comprensi\u00f3n mutua.<\/p><p>Aunque sus metodolog\u00edas son distintas, el C\u00edrculo May\u00e9utico y el C\u00edrculo de Narraciones comparten valores fundamentales. Ambos enfatizan el di\u00e1logo horizontal, garantizan la participaci\u00f3n equitativa y promueven la idea de que el conocimiento no se transmite simplemente, sino que se descubre de forma colaborativa. Desaf\u00edan los modelos educativos tradicionales, que priorizan la verticalidad, y adoptan una visi\u00f3n de aprendizaje relacional y cooperativo.<\/p><p>En ambas pr\u00e1cticas, las herramientas de narraci\u00f3n y cuestionamiento empoderan a los participantes. Fortalecen el desarrollo de la empat\u00eda, la conciencia cr\u00edtica y un sentido compartido de responsabilidad. Ya sea en escuelas, centros comunitarios, programas de apoyo a refugiados o talleres juveniles, estos c\u00edrculos cultivan entornos que promueven el aprendizaje inclusivo y la cohesi\u00f3n comunitaria.<\/p><p><strong>\u00a0<\/strong><\/p><p>En nuestro panorama social actual, marcado por la creciente desigualdad, los desaf\u00edos migratorios y las tensiones culturales, m\u00e9todos dial\u00f3gicos como el C\u00edrculo May\u00e9utico y los C\u00edrculos de Narraciones ofrecen respuestas concretas. Crean espacios de sanaci\u00f3n donde las personas pueden compartir sus voces, validar sus experiencias y, de forma colaborativa, extraer perspectivas colectivas.<\/p><p>Para migrantes, educadores, activistas y profesionales, estos enfoques ofrecen v\u00edas \u00e9ticas y eficaces para fomentar la inclusi\u00f3n, combatir los estereotipos y cultivar la cohesi\u00f3n social. El C\u00edrculo May\u00e9utico invita a las personas a plantear preguntas significativas, mientras que el C\u00edrculo de Narraciones las anima a compartir sus narrativas, creando oportunidades para el di\u00e1logo, la empat\u00eda y la comprensi\u00f3n en un mundo cada vez m\u00e1s complejo.<\/p><p><strong>Recursos<\/strong><\/p><p>Hearn, F., Biggs, L., Brown, S., Tran, L., Shwe, S., Noe, TMP y Riggs, E. (2022). Participaci\u00f3n en las l\u00edneas de investigaci\u00f3n: El rol de los investigadores comunitarios en la investigaci\u00f3n participativa con comunidades de origen refugiado y migrante. Revista Internacional de Investigaci\u00f3n Ambiental y Salud P\u00fablica, 19(8), 4844. Recuperado de: <a href=\"https:\/\/www.mdpi.com\/1660-4601\/19\/8\/4844\">https:\/\/www.mdpi.com\/1660-4601\/19\/8\/4844<\/a><\/p><p>Fetterman, DM, y Wandersman, A. (2005). Principios de evaluaci\u00f3n del empoderamiento en la pr\u00e1ctica. Guilford Press. Recuperado de: <a href=\"https:\/\/www.guilford.com\/excerpts\/fetterman.pdf?t=1\">https:\/\/www.guilford.com\/excerpts\/fetterman.pdf?t=1<\/a><\/p><p>Centro Sviluppo Creativo Danilo Dolci. (Dakota del Norte). Enfoque may\u00e9utico rec\u00edproco. Obtenido de <a href=\"https:\/\/danilodolci.org\/en\/reciprocalmaieutic\/\">https:\/\/danilodolci.org\/en\/reciprocalmaieutic\/<\/a><\/p><p>Maslin-Ostrowski, P., Drago-Severson, E., Ferguson, J., Marsick, VJ, y Hallett, M. (2023). Un enfoque innovador de participaci\u00f3n comunitaria internacional: C\u00edrculos narrativos como catalizadores del aprendizaje transformador. Revista Internacional de Educaci\u00f3n y Tecnolog\u00eda para Adultos, 11(2), 1\u201315. Recuperado de: <a href=\"https:\/\/www.researchgate.net\/profile\/Patricia-Maslin-Ostrowski\/publication\/316976385_An_Innovative_International_Community_Engagement_Approach_Story_Circles_as_Catalysts_for_Transformative_Learning\/links\/647f23e82cad460a1bf8bd1b\/An-Innovative-International-Community-Engagement-Approach-Story-Circles-as-Catalysts-for-Transformative-Learning.pdf?origin=scientificContributions\">https:\/\/www.researchgate.net\/profile\/Patricia-Maslin-Ostrowski\/publication\/316976385_An_Innovative_International_Community_Engagement_Approach_Story_Circles_as_Catalysts_for_Transformative_Learning\/links\/647f23e82cad460a1bf8bd1b\/An-Innovative-International-Community-Engagement-Approach-Story-Circles-as-Catalysts-for-Transformative-Learning.pdf?origin=scientificContributions<\/a><\/p><p>UNESCO. (2020). Manual para el desarrollo de competencias interculturales: C\u00edrculos de relatos. Publicaciones de la UNESCO - Recuperado de<a href=\"https:\/\/unesdoc.unesco.org\/ark:\/48223\/pf0000370336\">: https:\/\/unesdoc.unesco.org\/ark:\/48223\/pf0000370336<\/a><\/p><p>Novara, D. (sin fecha). La pedagog\u00eda may\u00e9utica de Danilo Dolci. Obtenido de <a href=\"https:\/\/www.cislscuola.it\/uploads\/media\/dolci-novara.pdf\">https:\/\/www.cislscuola.it\/uploads\/media\/dolci-novara.pdf<\/a><\/p><p>Deardorff, DK (2019). Manual para el desarrollo de competencias interculturales: C\u00edrculos narrativos. Par\u00eds: Editorial UNESCO. Recuperado de <a href=\"https:\/\/unesdoc.unesco.org\/ark:\/48223\/pf0000370336\">https:\/\/unesdoc.unesco.org\/ark:\/48223\/pf0000370336<\/a><\/p><p><blockquote class=\"wp-embedded-content\" data-secret=\"adVi4UMhjs\"><a href=\"https:\/\/danilodolci.org\/en\/foreign-bibliography\/\">Bibliograf\u00eda en lengua extranjera<\/a><\/blockquote><iframe class=\"wp-embedded-content\" sandbox=\"allow-scripts\" security=\"restricted\" style=\"position: absolute; visibility: hidden;\" title=\"\u201cBibliograf\u00eda en lengua extranjera\u201d \u2014 Centro Sviluppo Creativo Danilo Dolci ETS\" src=\"https:\/\/danilodolci.org\/en\/foreign-bibliography\/embed\/#?secret=sTYdUw9Ax5#?secret=adVi4UMhjs\" data-secret=\"adVi4UMhjs\" width=\"500\" height=\"282\" frameborder=\"0\" marginwidth=\"0\" marginheight=\"0\" scrolling=\"no\"><\/iframe><\/p>\t\t\t\t\t\t\t\t<\/div>\n\t\t\t\t\t<\/div>\n\t\t<\/div>\n\t\t\t\t\t<\/div>\n\t\t<\/section>\n\t\t\t\t\t<\/div>\n\t\t<\/div>\n\t\t\t\t\t<\/div>\n\t\t<\/section>\n\t\t\t\t<section class=\"elementor-section elementor-top-section elementor-element elementor-element-10c9e661 elementor-section-full_width elementor-section-height-default elementor-section-height-default wpr-particle-no wpr-jarallax-no wpr-parallax-no wpr-sticky-section-no wpr-equal-height-no\" data-id=\"10c9e661\" data-element_type=\"section\" data-e-type=\"section\" data-settings=\"{&quot;background_background&quot;:&quot;gradient&quot;}\">\n\t\t\t\t\t\t<div class=\"elementor-container elementor-column-gap-default\">\n\t\t\t\t\t<div class=\"elementor-column elementor-col-100 elementor-top-column elementor-element elementor-element-13a91576\" data-id=\"13a91576\" data-element_type=\"column\" data-e-type=\"column\" data-settings=\"{&quot;background_background&quot;:&quot;classic&quot;}\">\n\t\t\t<div class=\"elementor-widget-wrap elementor-element-populated\">\n\t\t\t\t\t<div class=\"elementor-background-overlay\"><\/div>\n\t\t\t\t\t\t<div class=\"elementor-element elementor-element-48d43831 elementor-widget elementor-widget-heading\" data-id=\"48d43831\" data-element_type=\"widget\" data-e-type=\"widget\" data-widget_type=\"heading.default\">\n\t\t\t\t\t<h3 class=\"elementor-heading-title elementor-size-default\">Consorcio<\/h3>\t\t\t\t<\/div>\n\t\t\t\t<section class=\"elementor-section elementor-inner-section elementor-element elementor-element-43461530 elementor-section-full_width elementor-section-height-default elementor-section-height-default wpr-particle-no wpr-jarallax-no wpr-parallax-no wpr-sticky-section-no wpr-equal-height-no\" data-id=\"43461530\" data-element_type=\"section\" data-e-type=\"section\" data-settings=\"{&quot;background_background&quot;:&quot;classic&quot;}\">\n\t\t\t\t\t\t<div class=\"elementor-container elementor-column-gap-no\">\n\t\t\t\t\t<div class=\"elementor-column elementor-col-16 elementor-inner-column elementor-element elementor-element-6ab98a5e\" data-id=\"6ab98a5e\" data-element_type=\"column\" data-e-type=\"column\">\n\t\t\t<div class=\"elementor-widget-wrap elementor-element-populated\">\n\t\t\t\t\t\t<div class=\"elementor-element elementor-element-73f665fc elementor-widget elementor-widget-image\" data-id=\"73f665fc\" data-element_type=\"widget\" data-e-type=\"widget\" data-widget_type=\"image.default\">\n\t\t\t\t\t\t\t\t\t\t\t\t\t\t\t\t<a href=\"https:\/\/www.um.si\/en\/home-page\/\" target=\"_blank\">\n\t\t\t\t\t\t\t<img decoding=\"async\" width=\"222\" height=\"119\" src=\"https:\/\/jointstories.eu\/wp-content\/uploads\/2023\/04\/MAribor.png\" class=\"elementor-animation-grow attachment-full size-full wp-image-2037\" alt=\"University of Maribor\" srcset=\"https:\/\/jointstories.eu\/wp-content\/uploads\/2023\/04\/MAribor.png 222w, https:\/\/jointstories.eu\/wp-content\/uploads\/2023\/04\/MAribor-18x10.png 18w\" sizes=\"(max-width: 222px) 100vw, 222px\" \/>\t\t\t\t\t\t\t\t<\/a>\n\t\t\t\t\t\t\t\t\t\t\t\t\t\t\t<\/div>\n\t\t\t\t\t<\/div>\n\t\t<\/div>\n\t\t\t\t<div class=\"elementor-column elementor-col-16 elementor-inner-column elementor-element elementor-element-7281dd41\" data-id=\"7281dd41\" data-element_type=\"column\" data-e-type=\"column\">\n\t\t\t<div class=\"elementor-widget-wrap elementor-element-populated\">\n\t\t\t\t\t\t<div class=\"elementor-element elementor-element-19bf13cb elementor-widget elementor-widget-image\" data-id=\"19bf13cb\" data-element_type=\"widget\" data-e-type=\"widget\" data-widget_type=\"image.default\">\n\t\t\t\t\t\t\t\t\t\t\t\t\t\t\t\t<a href=\"https:\/\/europeanmigrantplatform.eu\/\" target=\"_blank\">\n\t\t\t\t\t\t\t<img decoding=\"async\" width=\"222\" height=\"119\" src=\"https:\/\/jointstories.eu\/wp-content\/uploads\/2023\/04\/EMP.png\" class=\"elementor-animation-grow attachment-full size-full wp-image-2033\" alt=\"European Migrant Platform\" srcset=\"https:\/\/jointstories.eu\/wp-content\/uploads\/2023\/04\/EMP.png 222w, https:\/\/jointstories.eu\/wp-content\/uploads\/2023\/04\/EMP-18x10.png 18w\" sizes=\"(max-width: 222px) 100vw, 222px\" \/>\t\t\t\t\t\t\t\t<\/a>\n\t\t\t\t\t\t\t\t\t\t\t\t\t\t\t<\/div>\n\t\t\t\t\t<\/div>\n\t\t<\/div>\n\t\t\t\t<div class=\"elementor-column elementor-col-16 elementor-inner-column elementor-element elementor-element-5af513bb\" data-id=\"5af513bb\" data-element_type=\"column\" data-e-type=\"column\">\n\t\t\t<div class=\"elementor-widget-wrap elementor-element-populated\">\n\t\t\t\t\t\t<div class=\"elementor-element elementor-element-7190cce elementor-widget elementor-widget-image\" data-id=\"7190cce\" data-element_type=\"widget\" data-e-type=\"widget\" data-widget_type=\"image.default\">\n\t\t\t\t\t\t\t\t\t\t\t\t\t\t\t\t<a href=\"https:\/\/www.laurea.fi\/en\/\" target=\"_blank\">\n\t\t\t\t\t\t\t<img decoding=\"async\" width=\"222\" height=\"119\" src=\"https:\/\/jointstories.eu\/wp-content\/uploads\/2023\/04\/LAUREA.png\" class=\"elementor-animation-grow attachment-full size-full wp-image-2035\" alt=\"Laurea\" srcset=\"https:\/\/jointstories.eu\/wp-content\/uploads\/2023\/04\/LAUREA.png 222w, https:\/\/jointstories.eu\/wp-content\/uploads\/2023\/04\/LAUREA-18x10.png 18w\" sizes=\"(max-width: 222px) 100vw, 222px\" \/>\t\t\t\t\t\t\t\t<\/a>\n\t\t\t\t\t\t\t\t\t\t\t\t\t\t\t<\/div>\n\t\t\t\t\t<\/div>\n\t\t<\/div>\n\t\t\t\t<div class=\"elementor-column elementor-col-16 elementor-inner-column elementor-element elementor-element-3674d1c8\" data-id=\"3674d1c8\" data-element_type=\"column\" data-e-type=\"column\">\n\t\t\t<div class=\"elementor-widget-wrap elementor-element-populated\">\n\t\t\t\t\t\t<div class=\"elementor-element elementor-element-54126f32 elementor-widget elementor-widget-image\" data-id=\"54126f32\" data-element_type=\"widget\" data-e-type=\"widget\" data-widget_type=\"image.default\">\n\t\t\t\t\t\t\t\t\t\t\t\t<figure class=\"wp-caption\">\n\t\t\t\t\t\t\t\t\t\t\t<a href=\"https:\/\/www.ucll.be\/en\" target=\"_blank\">\n\t\t\t\t\t\t\t<img loading=\"lazy\" decoding=\"async\" width=\"222\" height=\"119\" src=\"https:\/\/jointstories.eu\/wp-content\/uploads\/2023\/04\/Logo_UCLL_ENG_RGB_negatief.png\" class=\"elementor-animation-grow attachment-full size-full wp-image-2036\" alt=\"University of Applied Sciences\" srcset=\"https:\/\/jointstories.eu\/wp-content\/uploads\/2023\/04\/Logo_UCLL_ENG_RGB_negatief.png 222w, https:\/\/jointstories.eu\/wp-content\/uploads\/2023\/04\/Logo_UCLL_ENG_RGB_negatief-18x10.png 18w\" sizes=\"(max-width: 222px) 100vw, 222px\" \/>\t\t\t\t\t\t\t\t<\/a>\n\t\t\t\t\t\t\t\t\t\t\t<figcaption class=\"widget-image-caption wp-caption-text\"><\/figcaption>\n\t\t\t\t\t\t\t\t\t\t<\/figure>\n\t\t\t\t\t\t\t\t\t<\/div>\n\t\t\t\t\t<\/div>\n\t\t<\/div>\n\t\t\t\t<div class=\"elementor-column elementor-col-16 elementor-inner-column elementor-element elementor-element-41fc3324\" data-id=\"41fc3324\" data-element_type=\"column\" data-e-type=\"column\">\n\t\t\t<div class=\"elementor-widget-wrap elementor-element-populated\">\n\t\t\t\t\t\t<div class=\"elementor-element elementor-element-22ec581a elementor-widget elementor-widget-image\" data-id=\"22ec581a\" data-element_type=\"widget\" data-e-type=\"widget\" data-widget_type=\"image.default\">\n\t\t\t\t\t\t\t\t\t\t\t\t\t\t\t\t<a href=\"https:\/\/cesie.org\/\" target=\"_blank\">\n\t\t\t\t\t\t\t<img loading=\"lazy\" decoding=\"async\" width=\"222\" height=\"119\" src=\"https:\/\/jointstories.eu\/wp-content\/uploads\/2023\/04\/cesie.png\" class=\"elementor-animation-grow attachment-full size-full wp-image-2039\" alt=\"Cesie\" srcset=\"https:\/\/jointstories.eu\/wp-content\/uploads\/2023\/04\/cesie.png 222w, https:\/\/jointstories.eu\/wp-content\/uploads\/2023\/04\/cesie-18x10.png 18w\" sizes=\"(max-width: 222px) 100vw, 222px\" \/>\t\t\t\t\t\t\t\t<\/a>\n\t\t\t\t\t\t\t\t\t\t\t\t\t\t\t<\/div>\n\t\t\t\t\t<\/div>\n\t\t<\/div>\n\t\t\t\t<div class=\"elementor-column elementor-col-16 elementor-inner-column elementor-element elementor-element-b5a6fc0\" data-id=\"b5a6fc0\" data-element_type=\"column\" data-e-type=\"column\">\n\t\t\t<div class=\"elementor-widget-wrap elementor-element-populated\">\n\t\t\t\t\t\t<div class=\"elementor-element elementor-element-17b6ddac elementor-widget elementor-widget-image\" data-id=\"17b6ddac\" data-element_type=\"widget\" data-e-type=\"widget\" data-widget_type=\"image.default\">\n\t\t\t\t\t\t\t\t\t\t\t\t\t\t\t\t<a href=\"https:\/\/incoma-projects.eu\/\" target=\"_blank\">\n\t\t\t\t\t\t\t<img loading=\"lazy\" decoding=\"async\" width=\"222\" height=\"119\" src=\"https:\/\/jointstories.eu\/wp-content\/uploads\/2023\/04\/incoma.png\" class=\"elementor-animation-grow attachment-full size-full wp-image-2034\" alt=\"INCOMA\" srcset=\"https:\/\/jointstories.eu\/wp-content\/uploads\/2023\/04\/incoma.png 222w, https:\/\/jointstories.eu\/wp-content\/uploads\/2023\/04\/incoma-18x10.png 18w\" sizes=\"(max-width: 222px) 100vw, 222px\" \/>\t\t\t\t\t\t\t\t<\/a>\n\t\t\t\t\t\t\t\t\t\t\t\t\t\t\t<\/div>\n\t\t\t\t\t<\/div>\n\t\t<\/div>\n\t\t\t\t\t<\/div>\n\t\t<\/section>\n\t\t\t\t\t<\/div>\n\t\t<\/div>\n\t\t\t\t\t<\/div>\n\t\t<\/section>\n\t\t\t\t<\/div>","protected":false},"excerpt":{"rendered":"<p>El consorcio est\u00e1 compuesto por organizaciones de Finlandia, Espa\u00f1a, B\u00e9lgica, Italia y Eslovenia.<\/p>\n<p>Cada socio es un experto relacionado con los campos del proyecto y est\u00e1n colaborando para brindar los mejores resultados posibles a las partes interesadas y futuros beneficiarios.<\/p>","protected":false},"author":12,"featured_media":4606,"comment_status":"open","ping_status":"open","sticky":false,"template":"","format":"standard","meta":{"site-sidebar-layout":"default","site-content-layout":"","ast-site-content-layout":"default","site-content-style":"default","site-sidebar-style":"default","ast-global-header-display":"","ast-banner-title-visibility":"","ast-main-header-display":"","ast-hfb-above-header-display":"","ast-hfb-below-header-display":"","ast-hfb-mobile-header-display":"","site-post-title":"","ast-breadcrumbs-content":"","ast-featured-img":"disabled","footer-sml-layout":"","ast-disable-related-posts":"","theme-transparent-header-meta":"","adv-header-id-meta":"","stick-header-meta":"","header-above-stick-meta":"","header-main-stick-meta":"","header-below-stick-meta":"","astra-migrate-meta-layouts":"set","ast-page-background-enabled":"default","ast-page-background-meta":{"desktop":{"background-color":"","background-image":"","background-repeat":"repeat","background-position":"center center","background-size":"auto","background-attachment":"scroll","background-type":"","background-media":"","overlay-type":"","overlay-color":"","overlay-opacity":"","overlay-gradient":""},"tablet":{"background-color":"","background-image":"","background-repeat":"repeat","background-position":"center center","background-size":"auto","background-attachment":"scroll","background-type":"","background-media":"","overlay-type":"","overlay-color":"","overlay-opacity":"","overlay-gradient":""},"mobile":{"background-color":"","background-image":"","background-repeat":"repeat","background-position":"center center","background-size":"auto","background-attachment":"scroll","background-type":"","background-media":"","overlay-type":"","overlay-color":"","overlay-opacity":"","overlay-gradient":""}},"ast-content-background-meta":{"desktop":{"background-color":"var(--ast-global-color-5)","background-image":"","background-repeat":"repeat","background-position":"center center","background-size":"auto","background-attachment":"scroll","background-type":"","background-media":"","overlay-type":"","overlay-color":"","overlay-opacity":"","overlay-gradient":""},"tablet":{"background-color":"var(--ast-global-color-5)","background-image":"","background-repeat":"repeat","background-position":"center center","background-size":"auto","background-attachment":"scroll","background-type":"","background-media":"","overlay-type":"","overlay-color":"","overlay-opacity":"","overlay-gradient":""},"mobile":{"background-color":"var(--ast-global-color-5)","background-image":"","background-repeat":"repeat","background-position":"center center","background-size":"auto","background-attachment":"scroll","background-type":"","background-media":"","overlay-type":"","overlay-color":"","overlay-opacity":"","overlay-gradient":""}},"footnotes":""},"categories":[41],"tags":[],"class_list":["post-4604","post","type-post","status-publish","format-standard","has-post-thumbnail","hentry","category-news-and-events"],"yoast_head":"<!-- This site is optimized with the Yoast SEO plugin v27.5 - https:\/\/yoast.com\/product\/yoast-seo-wordpress\/ -->\n<title>Progressing Towards Change: JeS Enters WorkPackage 4 - JeS<\/title>\n<meta name=\"description\" content=\"Laurea Correctional Services students Emmi Anttila and Damien Mikkil\u00e4 were awarded for their outstanding Bachelor&#039;s thesis on human trafficking, receiving the Laurea reward and the Finnish Criminalist Association&#039;s K.J. L\u00e5ng Fund prize in summer 2024.\" \/>\n<meta name=\"robots\" content=\"index, follow, max-snippet:-1, max-image-preview:large, max-video-preview:-1\" \/>\n<link rel=\"canonical\" href=\"https:\/\/jointstories.eu\/es\/progressing-towards-change-jes-enters-workpackage-4\/\" \/>\n<meta property=\"og:locale\" content=\"es_ES\" \/>\n<meta property=\"og:type\" content=\"article\" \/>\n<meta property=\"og:title\" content=\"Progressing Towards Change: JeS Enters WorkPackage 4 - JeS\" \/>\n<meta property=\"og:description\" content=\"Laurea Correctional Services students Emmi Anttila and Damien Mikkil\u00e4 were awarded for their outstanding Bachelor&#039;s thesis on human trafficking, receiving the Laurea reward and the Finnish Criminalist Association&#039;s K.J. L\u00e5ng Fund prize in summer 2024.\" \/>\n<meta property=\"og:url\" content=\"https:\/\/jointstories.eu\/es\/progressing-towards-change-jes-enters-workpackage-4\/\" \/>\n<meta property=\"og:site_name\" content=\"JeS\" \/>\n<meta property=\"article:publisher\" content=\"https:\/\/www.facebook.com\/RestARTcreativity\/\" \/>\n<meta property=\"article:published_time\" content=\"2025-07-22T12:20:58+00:00\" \/>\n<meta property=\"article:modified_time\" content=\"2025-07-22T12:24:06+00:00\" \/>\n<meta property=\"og:image\" content=\"https:\/\/jointstories.eu\/wp-content\/uploads\/2025\/07\/JeS-Consortium-meeting-3.6.2024.png\" \/>\n\t<meta property=\"og:image:width\" content=\"957\" \/>\n\t<meta property=\"og:image:height\" content=\"943\" \/>\n\t<meta property=\"og:image:type\" content=\"image\/png\" \/>\n<meta name=\"author\" content=\"Pilar Naranjo\" \/>\n<meta name=\"twitter:card\" content=\"summary_large_image\" \/>\n<meta name=\"twitter:creator\" content=\"@restartproject4\" \/>\n<meta name=\"twitter:site\" content=\"@restartproject4\" \/>\n<meta name=\"twitter:label1\" content=\"Escrito por\" \/>\n\t<meta name=\"twitter:data1\" content=\"Pilar Naranjo\" \/>\n\t<meta name=\"twitter:label2\" content=\"Tiempo de lectura\" \/>\n\t<meta name=\"twitter:data2\" content=\"1 minuto\" \/>\n<script type=\"application\/ld+json\" class=\"yoast-schema-graph\">{\"@context\":\"https:\\\/\\\/schema.org\",\"@graph\":[{\"@type\":\"Article\",\"@id\":\"https:\\\/\\\/jointstories.eu\\\/progressing-towards-change-jes-enters-workpackage-4\\\/#article\",\"isPartOf\":{\"@id\":\"https:\\\/\\\/jointstories.eu\\\/progressing-towards-change-jes-enters-workpackage-4\\\/\"},\"author\":{\"name\":\"Pilar Naranjo\",\"@id\":\"https:\\\/\\\/jointstories.eu\\\/#\\\/schema\\\/person\\\/4541395b0f23dadd620e112222a32f63\"},\"headline\":\"Progressing Towards Change: JeS Enters WorkPackage 4\",\"datePublished\":\"2025-07-22T12:20:58+00:00\",\"dateModified\":\"2025-07-22T12:24:06+00:00\",\"mainEntityOfPage\":{\"@id\":\"https:\\\/\\\/jointstories.eu\\\/progressing-towards-change-jes-enters-workpackage-4\\\/\"},\"wordCount\":276,\"commentCount\":0,\"publisher\":{\"@id\":\"https:\\\/\\\/jointstories.eu\\\/#organization\"},\"image\":{\"@id\":\"https:\\\/\\\/jointstories.eu\\\/progressing-towards-change-jes-enters-workpackage-4\\\/#primaryimage\"},\"thumbnailUrl\":\"https:\\\/\\\/jointstories.eu\\\/wp-content\\\/uploads\\\/2025\\\/07\\\/JeS-Consortium-meeting-3.6.2024.png\",\"articleSection\":[\"News and Events\"],\"inLanguage\":\"es\",\"potentialAction\":[{\"@type\":\"CommentAction\",\"name\":\"Comment\",\"target\":[\"https:\\\/\\\/jointstories.eu\\\/progressing-towards-change-jes-enters-workpackage-4\\\/#respond\"]}]},{\"@type\":\"WebPage\",\"@id\":\"https:\\\/\\\/jointstories.eu\\\/progressing-towards-change-jes-enters-workpackage-4\\\/\",\"url\":\"https:\\\/\\\/jointstories.eu\\\/progressing-towards-change-jes-enters-workpackage-4\\\/\",\"name\":\"Progressing Towards Change: JeS Enters WorkPackage 4 - JeS\",\"isPartOf\":{\"@id\":\"https:\\\/\\\/jointstories.eu\\\/#website\"},\"primaryImageOfPage\":{\"@id\":\"https:\\\/\\\/jointstories.eu\\\/progressing-towards-change-jes-enters-workpackage-4\\\/#primaryimage\"},\"image\":{\"@id\":\"https:\\\/\\\/jointstories.eu\\\/progressing-towards-change-jes-enters-workpackage-4\\\/#primaryimage\"},\"thumbnailUrl\":\"https:\\\/\\\/jointstories.eu\\\/wp-content\\\/uploads\\\/2025\\\/07\\\/JeS-Consortium-meeting-3.6.2024.png\",\"datePublished\":\"2025-07-22T12:20:58+00:00\",\"dateModified\":\"2025-07-22T12:24:06+00:00\",\"description\":\"Laurea Correctional Services students Emmi Anttila and Damien Mikkil\u00e4 were awarded for their outstanding Bachelor's thesis on human trafficking, receiving the Laurea reward and the Finnish Criminalist Association's K.J. L\u00e5ng Fund prize in summer 2024.\",\"breadcrumb\":{\"@id\":\"https:\\\/\\\/jointstories.eu\\\/progressing-towards-change-jes-enters-workpackage-4\\\/#breadcrumb\"},\"inLanguage\":\"es\",\"potentialAction\":[{\"@type\":\"ReadAction\",\"target\":[\"https:\\\/\\\/jointstories.eu\\\/progressing-towards-change-jes-enters-workpackage-4\\\/\"]}]},{\"@type\":\"ImageObject\",\"inLanguage\":\"es\",\"@id\":\"https:\\\/\\\/jointstories.eu\\\/progressing-towards-change-jes-enters-workpackage-4\\\/#primaryimage\",\"url\":\"https:\\\/\\\/jointstories.eu\\\/wp-content\\\/uploads\\\/2025\\\/07\\\/JeS-Consortium-meeting-3.6.2024.png\",\"contentUrl\":\"https:\\\/\\\/jointstories.eu\\\/wp-content\\\/uploads\\\/2025\\\/07\\\/JeS-Consortium-meeting-3.6.2024.png\",\"width\":957,\"height\":943},{\"@type\":\"BreadcrumbList\",\"@id\":\"https:\\\/\\\/jointstories.eu\\\/progressing-towards-change-jes-enters-workpackage-4\\\/#breadcrumb\",\"itemListElement\":[{\"@type\":\"ListItem\",\"position\":1,\"name\":\"Portada\",\"item\":\"https:\\\/\\\/jointstories.eu\\\/\"},{\"@type\":\"ListItem\",\"position\":2,\"name\":\"Progressing Towards Change: JeS Enters WorkPackage 4\"}]},{\"@type\":\"WebSite\",\"@id\":\"https:\\\/\\\/jointstories.eu\\\/#website\",\"url\":\"https:\\\/\\\/jointstories.eu\\\/\",\"name\":\"JeS\",\"description\":\"Joint Stories: Journeys from fear to fair\",\"publisher\":{\"@id\":\"https:\\\/\\\/jointstories.eu\\\/#organization\"},\"potentialAction\":[{\"@type\":\"SearchAction\",\"target\":{\"@type\":\"EntryPoint\",\"urlTemplate\":\"https:\\\/\\\/jointstories.eu\\\/?s={search_term_string}\"},\"query-input\":{\"@type\":\"PropertyValueSpecification\",\"valueRequired\":true,\"valueName\":\"search_term_string\"}}],\"inLanguage\":\"es\"},{\"@type\":\"Organization\",\"@id\":\"https:\\\/\\\/jointstories.eu\\\/#organization\",\"name\":\"JeS\",\"url\":\"https:\\\/\\\/jointstories.eu\\\/\",\"logo\":{\"@type\":\"ImageObject\",\"inLanguage\":\"es\",\"@id\":\"https:\\\/\\\/jointstories.eu\\\/#\\\/schema\\\/logo\\\/image\\\/\",\"url\":\"https:\\\/\\\/jointstories.eu\\\/wp-content\\\/uploads\\\/2022\\\/05\\\/LogoHomeRestart1920x960.png\",\"contentUrl\":\"https:\\\/\\\/jointstories.eu\\\/wp-content\\\/uploads\\\/2022\\\/05\\\/LogoHomeRestart1920x960.png\",\"width\":1920,\"height\":960,\"caption\":\"JeS\"},\"image\":{\"@id\":\"https:\\\/\\\/jointstories.eu\\\/#\\\/schema\\\/logo\\\/image\\\/\"},\"sameAs\":[\"https:\\\/\\\/www.facebook.com\\\/RestARTcreativity\\\/\",\"https:\\\/\\\/x.com\\\/restartproject4\",\"https:\\\/\\\/www.instagram.com\\\/rest.artproject\\\/\",\"https:\\\/\\\/www.youtube.com\\\/channel\\\/UCn2A6wwqZxKR5Ss_sj4aBrQ\"]},{\"@type\":\"Person\",\"@id\":\"https:\\\/\\\/jointstories.eu\\\/#\\\/schema\\\/person\\\/4541395b0f23dadd620e112222a32f63\",\"name\":\"Pilar Naranjo\",\"image\":{\"@type\":\"ImageObject\",\"inLanguage\":\"es\",\"@id\":\"https:\\\/\\\/secure.gravatar.com\\\/avatar\\\/6c3701bd750446036712a63c990dba4d500829ed79941a2d66e25781071341bd?s=96&d=mm&r=g\",\"url\":\"https:\\\/\\\/secure.gravatar.com\\\/avatar\\\/6c3701bd750446036712a63c990dba4d500829ed79941a2d66e25781071341bd?s=96&d=mm&r=g\",\"contentUrl\":\"https:\\\/\\\/secure.gravatar.com\\\/avatar\\\/6c3701bd750446036712a63c990dba4d500829ed79941a2d66e25781071341bd?s=96&d=mm&r=g\",\"caption\":\"Pilar Naranjo\"},\"url\":\"https:\\\/\\\/jointstories.eu\\\/es\\\/author\\\/pili-incoma-2\\\/\"}]}<\/script>\n<!-- \/ Yoast SEO plugin. -->","yoast_head_json":{"title":"Avanzando hacia el cambio: JeS entra en WorkPackage 4 - JeS","description":"Los estudiantes del Servicio Correccional Laurea, Emmi Anttila y Damien Mikkil\u00e4, fueron premiados por su destacada tesis de licenciatura sobre la trata de personas y recibieron el premio Laurea y el premio del Fondo KJ L\u00e5ng de la Asociaci\u00f3n de Criminalistas de Finlandia en el verano de 2024.","robots":{"index":"index","follow":"follow","max-snippet":"max-snippet:-1","max-image-preview":"max-image-preview:large","max-video-preview":"max-video-preview:-1"},"canonical":"https:\/\/jointstories.eu\/es\/progressing-towards-change-jes-enters-workpackage-4\/","og_locale":"es_ES","og_type":"article","og_title":"Progressing Towards Change: JeS Enters WorkPackage 4 - JeS","og_description":"Laurea Correctional Services students Emmi Anttila and Damien Mikkil\u00e4 were awarded for their outstanding Bachelor's thesis on human trafficking, receiving the Laurea reward and the Finnish Criminalist Association's K.J. L\u00e5ng Fund prize in summer 2024.","og_url":"https:\/\/jointstories.eu\/es\/progressing-towards-change-jes-enters-workpackage-4\/","og_site_name":"JeS","article_publisher":"https:\/\/www.facebook.com\/RestARTcreativity\/","article_published_time":"2025-07-22T12:20:58+00:00","article_modified_time":"2025-07-22T12:24:06+00:00","og_image":[{"width":957,"height":943,"url":"https:\/\/jointstories.eu\/wp-content\/uploads\/2025\/07\/JeS-Consortium-meeting-3.6.2024.png","type":"image\/png"}],"author":"Pilar Naranjo","twitter_card":"summary_large_image","twitter_creator":"@restartproject4","twitter_site":"@restartproject4","twitter_misc":{"Escrito por":"Pilar Naranjo","Tiempo de lectura":"1 minuto"},"schema":{"@context":"https:\/\/schema.org","@graph":[{"@type":"Article","@id":"https:\/\/jointstories.eu\/progressing-towards-change-jes-enters-workpackage-4\/#article","isPartOf":{"@id":"https:\/\/jointstories.eu\/progressing-towards-change-jes-enters-workpackage-4\/"},"author":{"name":"Pilar Naranjo","@id":"https:\/\/jointstories.eu\/#\/schema\/person\/4541395b0f23dadd620e112222a32f63"},"headline":"Progressing Towards Change: JeS Enters WorkPackage 4","datePublished":"2025-07-22T12:20:58+00:00","dateModified":"2025-07-22T12:24:06+00:00","mainEntityOfPage":{"@id":"https:\/\/jointstories.eu\/progressing-towards-change-jes-enters-workpackage-4\/"},"wordCount":276,"commentCount":0,"publisher":{"@id":"https:\/\/jointstories.eu\/#organization"},"image":{"@id":"https:\/\/jointstories.eu\/progressing-towards-change-jes-enters-workpackage-4\/#primaryimage"},"thumbnailUrl":"https:\/\/jointstories.eu\/wp-content\/uploads\/2025\/07\/JeS-Consortium-meeting-3.6.2024.png","articleSection":["News and Events"],"inLanguage":"es","potentialAction":[{"@type":"CommentAction","name":"Comment","target":["https:\/\/jointstories.eu\/progressing-towards-change-jes-enters-workpackage-4\/#respond"]}]},{"@type":"WebPage","@id":"https:\/\/jointstories.eu\/progressing-towards-change-jes-enters-workpackage-4\/","url":"https:\/\/jointstories.eu\/progressing-towards-change-jes-enters-workpackage-4\/","name":"Avanzando hacia el cambio: JeS entra en WorkPackage 4 - JeS","isPartOf":{"@id":"https:\/\/jointstories.eu\/#website"},"primaryImageOfPage":{"@id":"https:\/\/jointstories.eu\/progressing-towards-change-jes-enters-workpackage-4\/#primaryimage"},"image":{"@id":"https:\/\/jointstories.eu\/progressing-towards-change-jes-enters-workpackage-4\/#primaryimage"},"thumbnailUrl":"https:\/\/jointstories.eu\/wp-content\/uploads\/2025\/07\/JeS-Consortium-meeting-3.6.2024.png","datePublished":"2025-07-22T12:20:58+00:00","dateModified":"2025-07-22T12:24:06+00:00","description":"Los estudiantes del Servicio Correccional Laurea, Emmi Anttila y Damien Mikkil\u00e4, fueron premiados por su destacada tesis de licenciatura sobre la trata de personas y recibieron el premio Laurea y el premio del Fondo KJ L\u00e5ng de la Asociaci\u00f3n de Criminalistas de Finlandia en el verano de 2024.","breadcrumb":{"@id":"https:\/\/jointstories.eu\/progressing-towards-change-jes-enters-workpackage-4\/#breadcrumb"},"inLanguage":"es","potentialAction":[{"@type":"ReadAction","target":["https:\/\/jointstories.eu\/progressing-towards-change-jes-enters-workpackage-4\/"]}]},{"@type":"ImageObject","inLanguage":"es","@id":"https:\/\/jointstories.eu\/progressing-towards-change-jes-enters-workpackage-4\/#primaryimage","url":"https:\/\/jointstories.eu\/wp-content\/uploads\/2025\/07\/JeS-Consortium-meeting-3.6.2024.png","contentUrl":"https:\/\/jointstories.eu\/wp-content\/uploads\/2025\/07\/JeS-Consortium-meeting-3.6.2024.png","width":957,"height":943},{"@type":"BreadcrumbList","@id":"https:\/\/jointstories.eu\/progressing-towards-change-jes-enters-workpackage-4\/#breadcrumb","itemListElement":[{"@type":"ListItem","position":1,"name":"Portada","item":"https:\/\/jointstories.eu\/"},{"@type":"ListItem","position":2,"name":"Progressing Towards Change: JeS Enters WorkPackage 4"}]},{"@type":"WebSite","@id":"https:\/\/jointstories.eu\/#website","url":"https:\/\/jointstories.eu\/","name":"JeS","description":"Historias conjuntas: viajes del miedo a la feria","publisher":{"@id":"https:\/\/jointstories.eu\/#organization"},"potentialAction":[{"@type":"SearchAction","target":{"@type":"EntryPoint","urlTemplate":"https:\/\/jointstories.eu\/?s={search_term_string}"},"query-input":{"@type":"PropertyValueSpecification","valueRequired":true,"valueName":"search_term_string"}}],"inLanguage":"es"},{"@type":"Organization","@id":"https:\/\/jointstories.eu\/#organization","name":"JeS","url":"https:\/\/jointstories.eu\/","logo":{"@type":"ImageObject","inLanguage":"es","@id":"https:\/\/jointstories.eu\/#\/schema\/logo\/image\/","url":"https:\/\/jointstories.eu\/wp-content\/uploads\/2022\/05\/LogoHomeRestart1920x960.png","contentUrl":"https:\/\/jointstories.eu\/wp-content\/uploads\/2022\/05\/LogoHomeRestart1920x960.png","width":1920,"height":960,"caption":"JeS"},"image":{"@id":"https:\/\/jointstories.eu\/#\/schema\/logo\/image\/"},"sameAs":["https:\/\/www.facebook.com\/RestARTcreativity\/","https:\/\/x.com\/restartproject4","https:\/\/www.instagram.com\/rest.artproject\/","https:\/\/www.youtube.com\/channel\/UCn2A6wwqZxKR5Ss_sj4aBrQ"]},{"@type":"Person","@id":"https:\/\/jointstories.eu\/#\/schema\/person\/4541395b0f23dadd620e112222a32f63","name":"Pilar Naranjo","image":{"@type":"ImageObject","inLanguage":"es","@id":"https:\/\/secure.gravatar.com\/avatar\/6c3701bd750446036712a63c990dba4d500829ed79941a2d66e25781071341bd?s=96&d=mm&r=g","url":"https:\/\/secure.gravatar.com\/avatar\/6c3701bd750446036712a63c990dba4d500829ed79941a2d66e25781071341bd?s=96&d=mm&r=g","contentUrl":"https:\/\/secure.gravatar.com\/avatar\/6c3701bd750446036712a63c990dba4d500829ed79941a2d66e25781071341bd?s=96&d=mm&r=g","caption":"Pilar Naranjo"},"url":"https:\/\/jointstories.eu\/es\/author\/pili-incoma-2\/"}]}},"_links":{"self":[{"href":"https:\/\/jointstories.eu\/es\/wp-json\/wp\/v2\/posts\/4604","targetHints":{"allow":["GET"]}}],"collection":[{"href":"https:\/\/jointstories.eu\/es\/wp-json\/wp\/v2\/posts"}],"about":[{"href":"https:\/\/jointstories.eu\/es\/wp-json\/wp\/v2\/types\/post"}],"author":[{"embeddable":true,"href":"https:\/\/jointstories.eu\/es\/wp-json\/wp\/v2\/users\/12"}],"replies":[{"embeddable":true,"href":"https:\/\/jointstories.eu\/es\/wp-json\/wp\/v2\/comments?post=4604"}],"version-history":[{"count":4,"href":"https:\/\/jointstories.eu\/es\/wp-json\/wp\/v2\/posts\/4604\/revisions"}],"predecessor-version":[{"id":4610,"href":"https:\/\/jointstories.eu\/es\/wp-json\/wp\/v2\/posts\/4604\/revisions\/4610"}],"wp:featuredmedia":[{"embeddable":true,"href":"https:\/\/jointstories.eu\/es\/wp-json\/wp\/v2\/media\/4606"}],"wp:attachment":[{"href":"https:\/\/jointstories.eu\/es\/wp-json\/wp\/v2\/media?parent=4604"}],"wp:term":[{"taxonomy":"category","embeddable":true,"href":"https:\/\/jointstories.eu\/es\/wp-json\/wp\/v2\/categories?post=4604"},{"taxonomy":"post_tag","embeddable":true,"href":"https:\/\/jointstories.eu\/es\/wp-json\/wp\/v2\/tags?post=4604"}],"curies":[{"name":"gracias","href":"https:\/\/api.w.org\/{rel}","templated":true}]}}