{"id":2809,"date":"2024-05-08T08:48:17","date_gmt":"2024-05-08T08:48:17","guid":{"rendered":"https:\/\/jointstories.eu\/?p=2809"},"modified":"2025-04-08T09:32:00","modified_gmt":"2025-04-08T09:32:00","slug":"successful-integration-process-what-significance-do-the-functions-of-the-media-have-in-relation-to-the-portrayal-of-migration-and-flight","status":"publish","type":"post","link":"https:\/\/jointstories.eu\/es\/successful-integration-process-what-significance-do-the-functions-of-the-media-have-in-relation-to-the-portrayal-of-migration-and-flight\/","title":{"rendered":"Proceso de integraci\u00f3n exitoso: \u00bfQu\u00e9 importancia tienen las funciones de los medios de comunicaci\u00f3n en relaci\u00f3n con la representaci\u00f3n de la migraci\u00f3n y la huida?"},"content":{"rendered":"<div data-elementor-type=\"wp-post\" data-elementor-id=\"2809\" class=\"elementor elementor-2809\" data-elementor-settings=\"{&quot;ha_cmc_init_switcher&quot;:&quot;no&quot;}\">\n\t\t\t\t\t\t<section class=\"elementor-section elementor-top-section elementor-element elementor-element-64555778 elementor-section-boxed elementor-section-height-default elementor-section-height-default wpr-particle-no wpr-jarallax-no wpr-parallax-no wpr-sticky-section-no wpr-equal-height-no\" data-id=\"64555778\" data-element_type=\"section\" data-e-type=\"section\">\n\t\t\t\t\t\t<div class=\"elementor-container elementor-column-gap-no\">\n\t\t\t\t\t<div class=\"elementor-column elementor-col-100 elementor-top-column elementor-element elementor-element-47346218\" data-id=\"47346218\" data-element_type=\"column\" data-e-type=\"column\">\n\t\t\t<div class=\"elementor-widget-wrap elementor-element-populated\">\n\t\t\t\t\t\t<div class=\"elementor-element elementor-element-16966c0 elementor-widget elementor-widget-heading\" data-id=\"16966c0\" data-element_type=\"widget\" data-e-type=\"widget\" data-widget_type=\"heading.default\">\n\t\t\t\t\t<h2 class=\"elementor-heading-title elementor-size-default\">Proceso de integraci\u00f3n exitoso: \u00bfQu\u00e9 importancia tienen las funciones de los medios de comunicaci\u00f3n en relaci\u00f3n con la representaci\u00f3n de la migraci\u00f3n y la huida?<\/h2>\t\t\t\t<\/div>\n\t\t\t\t<div class=\"elementor-element elementor-element-4bedf1bf elementor-widget elementor-widget-text-editor\" data-id=\"4bedf1bf\" data-element_type=\"widget\" data-e-type=\"widget\" data-widget_type=\"text-editor.default\">\n\t\t\t\t\t\t\t\t\t<p><\/p>\n<p>Blog de Bernadett S.<\/p>\n<p><\/p>\t\t\t\t\t\t\t\t<\/div>\n\t\t\t\t<section class=\"elementor-section elementor-inner-section elementor-element elementor-element-499fa4b elementor-section-boxed elementor-section-height-default elementor-section-height-default wpr-particle-no wpr-jarallax-no wpr-parallax-no wpr-sticky-section-no wpr-equal-height-no\" data-id=\"499fa4b\" data-element_type=\"section\" data-e-type=\"section\">\n\t\t\t\t\t\t<div class=\"elementor-container elementor-column-gap-default\">\n\t\t\t\t\t<div class=\"elementor-column elementor-col-50 elementor-inner-column elementor-element elementor-element-f18c1cc\" data-id=\"f18c1cc\" data-element_type=\"column\" data-e-type=\"column\">\n\t\t\t<div class=\"elementor-widget-wrap elementor-element-populated\">\n\t\t\t\t\t\t<div class=\"elementor-element elementor-element-133c034 elementor-widget elementor-widget-text-editor\" data-id=\"133c034\" data-element_type=\"widget\" data-e-type=\"widget\" data-widget_type=\"text-editor.default\">\n\t\t\t\t\t\t\t\t\t<p>La migraci\u00f3n y los refugiados son temas de enorme importancia global. Aunque las causas son diversas, como por ejemplo motivos econ\u00f3micos, guerras, problemas medioambientales, etc., existe un deseo com\u00fan de una vida mejor. A medida que m\u00e1s y m\u00e1s personas huyen y migran, se vuelve m\u00e1s importante encontrar una manera responsable de abordar la migraci\u00f3n. Los medios de comunicaci\u00f3n juegan aqu\u00ed un papel importante. Cumple valiosas funciones sociales en la socializaci\u00f3n que moldean decisivamente las normas y valores de una sociedad. En los medios de comunicaci\u00f3n, los grupos migratorios se mencionan espec\u00edficamente caso por caso y, a menudo, en un contexto orientado a los problemas.<\/p>\n<p>A los medios se les conoce como el cuarto poder debido a su funci\u00f3n pol\u00edtica esencial. A trav\u00e9s de su contenido, los diferentes medios sirven como una experiencia indirecta y, por lo tanto, contribuyen significativamente a la formaci\u00f3n de prejuicios, valores y normas. En consecuencia, ejercen una enorme influencia a la hora de tratar con las personas que huyen y migran. Este trabajo tiene como objetivo crear conciencia sobre la necesidad de examinar y cuestionar m\u00e1s atentamente los contenidos de los medios de comunicaci\u00f3n relacionados con la migraci\u00f3n y la huida.<\/p>\n<p><strong>Representaci\u00f3n medi\u00e1tica de la migraci\u00f3n y la huida<\/strong><\/p>\n<p>La representaci\u00f3n medi\u00e1tica de la migraci\u00f3n y la huida es un tema candente en los discursos sociales y pol\u00edticos. Es un campo pol\u00edtico emocional y significativo caracterizado por opiniones disidentes. Los medios desempe\u00f1an papeles cruciales en la formaci\u00f3n de opiniones y juicios,<br>ejerciendo una influencia significativa en nuestra sociedad y pol\u00edtica.&nbsp;<\/p>\n<p>Desafortunadamente, cuando se trata del tema de una sociedad inmigrante, la representaci\u00f3n de los medios apenas utiliza un enfoque racional de creaci\u00f3n de consenso, sino que m\u00e1s bien fomenta y solidifica conflictos en la esfera p\u00fablica. Se centran cada vez m\u00e1s en s\u00edmbolos como el velo y la mezquita, y en debates de integraci\u00f3n cargados de emociones, como el terrorismo y las crisis de refugiados. Es preocupante que estas representaciones p\u00fablicas y medi\u00e1ticas alcancen un estado de permanencia y casi se institucionalicen. (Arslan, 2019, p\u00e1g. 172.)<\/p>\n<p>Los medios de comunicaci\u00f3n dirigen la percepci\u00f3n de los procesos migratorios. Adem\u00e1s de muchas otras funciones, los medios cumplen una funci\u00f3n de integraci\u00f3n. Sin embargo, en la pr\u00e1ctica se observa lo contrario. En lugar de integraci\u00f3n, fomentan l\u00edneas de conflicto y segregaci\u00f3n. Las investigaciones cient\u00edficas revelan que los informes sobre ciertos grupos de inmigrantes, como los de fe musulmana o los refugiados, son generalmente espec\u00edficos y centrados en cuestiones, dominados por un enfoque orientado a los problemas.&nbsp;<\/p>\n<p>Escapar de estos s\u00edmbolos y clasificaciones negativas es un desaf\u00edo porque los propios grupos de migrantes afectados tienen pocos espacios de articulaci\u00f3n. En cambio, luchan constantemente con adscripciones y discursos en pol\u00edtica. La falta de derechos de participaci\u00f3n significativos resulta cada vez m\u00e1s en una asimetr\u00eda de poder pol\u00edtico y medi\u00e1tico.&nbsp;<\/p>\n<p>Esto significa que los individuos no poseen las mismas oportunidades de acci\u00f3n. Los individuos afectados se clasifican en funci\u00f3n de caracter\u00edsticas atribuidas, diferenci\u00e1ndose as\u00ed del resto de la sociedad. A trav\u00e9s de esta asimetr\u00eda de poder, los refugiados y los grupos de inmigrantes experimentan una homogeneizaci\u00f3n. En t\u00e9rminos coloquiales, esto se denominar\u00eda \u201cestereotipos\u201d (Arslan, 2019, p. 173).<\/p>\n<p><\/p>\t\t\t\t\t\t\t\t<\/div>\n\t\t\t\t\t<\/div>\n\t\t<\/div>\n\t\t\t\t<div class=\"elementor-column elementor-col-50 elementor-inner-column elementor-element elementor-element-d3a1cec\" data-id=\"d3a1cec\" data-element_type=\"column\" data-e-type=\"column\">\n\t\t\t<div class=\"elementor-widget-wrap elementor-element-populated\">\n\t\t\t\t\t\t<div class=\"elementor-element elementor-element-7e167bf elementor-widget elementor-widget-text-editor\" data-id=\"7e167bf\" data-element_type=\"widget\" data-e-type=\"widget\" data-widget_type=\"text-editor.default\">\n\t\t\t\t\t\t\t\t\t<p>Es crucial enfatizar que los medios juegan un papel decisivo en la construcci\u00f3n de la realidad. La informaci\u00f3n de los medios moldea significativamente la visi\u00f3n del mundo de las personas. Por tanto, la forma en que los medios retratan sus contenidos es sumamente relevante.<\/p>\n<p>La pr\u00e1ctica demuestra que los reportajes sobre extranjeros y refugiados suelen producirse cuando los temas son lo m\u00e1s dram\u00e1ticos y sensacionalistas posible. En consecuencia, la cobertura est\u00e1 llena de violencia, caos, brutalidad y desorden. A trav\u00e9s de esto, los medios construyen una realidad en la que los migrantes y refugiados son retratados como \u201cpeligrosos\u201d, \u201clamentables\u201d o \u201cin\u00fatiles\u201d. Se acu\u00f1an y emplean t\u00e9rminos como \u201cislamizaci\u00f3n\u201d o \u201cinundaci\u00f3n de solicitantes de asilo\u201d. Estos t\u00e9rminos reproducen y difunden estereotipos y miedos (Arslan, 2019, p. 174).<\/p>\n<p>Las repercusiones se manifiestan tanto dentro de la sociedad receptora, que muestra resentimientos hacia los refugiados y migrantes, como dentro de la poblaci\u00f3n migrante que experimenta sentimientos de exclusi\u00f3n. Dado que los informes de los medios sobre este tema se perciben<br>Como experiencia indirecta, da forma y estructura las percepciones que la sociedad receptora tiene sobre la sociedad inmigrante. La poblaci\u00f3n se siente validada en sus prejuicios, reforzando y formando estereotipos cognitivos. En consecuencia, surge un comportamiento discriminatorio.<\/p>\n<p>Como se mencion\u00f3 anteriormente, estas representaciones dominadas negativamente impactan fuertemente los procesos de integraci\u00f3n de una sociedad. Los inmigrantes son vistos como un \u201cproblema\u201d. De este modo, las crisis socioecon\u00f3micas se transforman en crisis \u00e9tnicas. Esto significa que los problemas sociales se distorsionan mediante la culturalizaci\u00f3n y la etnicizaci\u00f3n.&nbsp;<\/p>\n<p>Los medios de comunicaci\u00f3n suelen interpretar los conflictos como cuestiones religiosas y \u00e9tnicas. Este enfoque sesgado no s\u00f3lo simplifica las cosas para el sistema de poblaci\u00f3n dominante sino que tambi\u00e9n las despolitiza. Al resaltar los or\u00edgenes en los informes, las acciones y eventos se asocian con la nacionalidad.&nbsp;<\/p>\n<p>Se crean minor\u00edas, fortalecidas por la mayor\u00eda privilegiada. Este fen\u00f3meno no s\u00f3lo estigmatiza a los \u201cextranjeros\u201d sino que construye una \u201cidentidad nacional\u201d. La clasificaci\u00f3n negativa de los migrantes tiene el prop\u00f3sito de resaltarse a uno mismo y a \u201csu comunidad\u201d. De esta manera se promueven y solidifican tendencias racistas. Los medios desempe\u00f1an un papel central en el racismo intelectual, institucional y cotidiano (Arslan, 2019, p. 174 y siguientes).<\/p>\n<p><strong>Conclusi\u00f3n y opini\u00f3n personal<\/strong><\/p>\n<p>En mi entorno inmediato puedo observar la enorme influencia que tienen los medios de comunicaci\u00f3n sobre los prejuicios sobre la migraci\u00f3n. Personalmente, me entristece escuchar a personas hablar negativamente sobre la migraci\u00f3n, especialmente cuando provienen de personas que no tienen experiencia o contacto directo con este tema. No son conscientes de los desaf\u00edos que enfrenta la gente cuando construye una nueva vida en un pa\u00eds extranjero. Considero que informar unilateralmente es peligroso y conducente a fomentar el racismo. Por lo tanto, creo que es crucial utilizar m\u00faltiples fuentes diversas de informaci\u00f3n y cuestionar cr\u00edticamente el contenido.<\/p>\n<p><strong>Fuentes<\/strong><\/p>\n<p>Arslan, E. (Ed.), 2019. Symbolische Ordnung und Fl\u00fcchtlingsbewegungen in der<br>Einwanderungsgesellschaft. Wiesbaden: Springer Fachmedien Wiesbaden.<\/p>\t\t\t\t\t\t\t\t<\/div>\n\t\t\t\t\t<\/div>\n\t\t<\/div>\n\t\t\t\t\t<\/div>\n\t\t<\/section>\n\t\t\t\t\t<\/div>\n\t\t<\/div>\n\t\t\t\t\t<\/div>\n\t\t<\/section>\n\t\t\t\t<section class=\"elementor-section elementor-top-section elementor-element elementor-element-40a5098 elementor-section-full_width elementor-section-height-default elementor-section-height-default wpr-particle-no wpr-jarallax-no wpr-parallax-no wpr-sticky-section-no wpr-equal-height-no\" data-id=\"40a5098\" data-element_type=\"section\" data-e-type=\"section\" data-settings=\"{&quot;background_background&quot;:&quot;gradient&quot;}\">\n\t\t\t\t\t\t<div class=\"elementor-container elementor-column-gap-default\">\n\t\t\t\t\t<div class=\"elementor-column elementor-col-100 elementor-top-column elementor-element elementor-element-774d0033\" data-id=\"774d0033\" data-element_type=\"column\" data-e-type=\"column\" data-settings=\"{&quot;background_background&quot;:&quot;classic&quot;}\">\n\t\t\t<div class=\"elementor-widget-wrap elementor-element-populated\">\n\t\t\t\t\t<div class=\"elementor-background-overlay\"><\/div>\n\t\t\t\t\t\t<div class=\"elementor-element elementor-element-5ad34542 elementor-widget elementor-widget-heading\" data-id=\"5ad34542\" data-element_type=\"widget\" data-e-type=\"widget\" data-widget_type=\"heading.default\">\n\t\t\t\t\t<h3 class=\"elementor-heading-title elementor-size-default\">Consorcio<\/h3>\t\t\t\t<\/div>\n\t\t\t\t<section class=\"elementor-section elementor-inner-section elementor-element elementor-element-43284b58 elementor-section-full_width elementor-section-height-default elementor-section-height-default wpr-particle-no wpr-jarallax-no wpr-parallax-no wpr-sticky-section-no wpr-equal-height-no\" data-id=\"43284b58\" data-element_type=\"section\" data-e-type=\"section\" data-settings=\"{&quot;background_background&quot;:&quot;classic&quot;}\">\n\t\t\t\t\t\t<div class=\"elementor-container elementor-column-gap-no\">\n\t\t\t\t\t<div class=\"elementor-column elementor-col-16 elementor-inner-column elementor-element elementor-element-1978f2d5\" data-id=\"1978f2d5\" data-element_type=\"column\" data-e-type=\"column\">\n\t\t\t<div class=\"elementor-widget-wrap elementor-element-populated\">\n\t\t\t\t\t\t<div class=\"elementor-element elementor-element-11daad92 elementor-widget elementor-widget-image\" data-id=\"11daad92\" data-element_type=\"widget\" data-e-type=\"widget\" data-widget_type=\"image.default\">\n\t\t\t\t\t\t\t\t\t\t\t\t\t\t\t\t<a href=\"https:\/\/www.um.si\/en\/home-page\/\" target=\"_blank\">\n\t\t\t\t\t\t\t<img decoding=\"async\" width=\"222\" height=\"119\" src=\"https:\/\/jointstories.eu\/wp-content\/uploads\/2023\/04\/MAribor.png\" class=\"elementor-animation-grow attachment-full size-full wp-image-2037\" alt=\"University of Maribor\" srcset=\"https:\/\/jointstories.eu\/wp-content\/uploads\/2023\/04\/MAribor.png 222w, https:\/\/jointstories.eu\/wp-content\/uploads\/2023\/04\/MAribor-18x10.png 18w\" sizes=\"(max-width: 222px) 100vw, 222px\" \/>\t\t\t\t\t\t\t\t<\/a>\n\t\t\t\t\t\t\t\t\t\t\t\t\t\t\t<\/div>\n\t\t\t\t\t<\/div>\n\t\t<\/div>\n\t\t\t\t<div class=\"elementor-column elementor-col-16 elementor-inner-column elementor-element elementor-element-74026ace\" data-id=\"74026ace\" data-element_type=\"column\" data-e-type=\"column\">\n\t\t\t<div class=\"elementor-widget-wrap elementor-element-populated\">\n\t\t\t\t\t\t<div class=\"elementor-element elementor-element-5e66a083 elementor-widget elementor-widget-image\" data-id=\"5e66a083\" data-element_type=\"widget\" data-e-type=\"widget\" data-widget_type=\"image.default\">\n\t\t\t\t\t\t\t\t\t\t\t\t\t\t\t\t<a href=\"https:\/\/europeanmigrantplatform.eu\/\" target=\"_blank\">\n\t\t\t\t\t\t\t<img decoding=\"async\" width=\"222\" height=\"119\" src=\"https:\/\/jointstories.eu\/wp-content\/uploads\/2023\/04\/EMP.png\" class=\"elementor-animation-grow attachment-full size-full wp-image-2033\" alt=\"European Migrant Platform\" srcset=\"https:\/\/jointstories.eu\/wp-content\/uploads\/2023\/04\/EMP.png 222w, https:\/\/jointstories.eu\/wp-content\/uploads\/2023\/04\/EMP-18x10.png 18w\" sizes=\"(max-width: 222px) 100vw, 222px\" \/>\t\t\t\t\t\t\t\t<\/a>\n\t\t\t\t\t\t\t\t\t\t\t\t\t\t\t<\/div>\n\t\t\t\t\t<\/div>\n\t\t<\/div>\n\t\t\t\t<div class=\"elementor-column elementor-col-16 elementor-inner-column elementor-element elementor-element-4143be27\" data-id=\"4143be27\" data-element_type=\"column\" data-e-type=\"column\">\n\t\t\t<div class=\"elementor-widget-wrap elementor-element-populated\">\n\t\t\t\t\t\t<div class=\"elementor-element elementor-element-d8364ce elementor-widget elementor-widget-image\" data-id=\"d8364ce\" data-element_type=\"widget\" data-e-type=\"widget\" data-widget_type=\"image.default\">\n\t\t\t\t\t\t\t\t\t\t\t\t\t\t\t\t<a href=\"https:\/\/www.laurea.fi\/en\/\" target=\"_blank\">\n\t\t\t\t\t\t\t<img decoding=\"async\" width=\"222\" height=\"119\" src=\"https:\/\/jointstories.eu\/wp-content\/uploads\/2023\/04\/LAUREA.png\" class=\"elementor-animation-grow attachment-full size-full wp-image-2035\" alt=\"Laurea\" srcset=\"https:\/\/jointstories.eu\/wp-content\/uploads\/2023\/04\/LAUREA.png 222w, https:\/\/jointstories.eu\/wp-content\/uploads\/2023\/04\/LAUREA-18x10.png 18w\" sizes=\"(max-width: 222px) 100vw, 222px\" \/>\t\t\t\t\t\t\t\t<\/a>\n\t\t\t\t\t\t\t\t\t\t\t\t\t\t\t<\/div>\n\t\t\t\t\t<\/div>\n\t\t<\/div>\n\t\t\t\t<div class=\"elementor-column elementor-col-16 elementor-inner-column elementor-element elementor-element-7a13cf4a\" data-id=\"7a13cf4a\" data-element_type=\"column\" data-e-type=\"column\">\n\t\t\t<div class=\"elementor-widget-wrap elementor-element-populated\">\n\t\t\t\t\t\t<div class=\"elementor-element elementor-element-4875f276 elementor-widget elementor-widget-image\" data-id=\"4875f276\" data-element_type=\"widget\" data-e-type=\"widget\" data-widget_type=\"image.default\">\n\t\t\t\t\t\t\t\t\t\t\t\t<figure class=\"wp-caption\">\n\t\t\t\t\t\t\t\t\t\t\t<a href=\"https:\/\/www.ucll.be\/en\" target=\"_blank\">\n\t\t\t\t\t\t\t<img loading=\"lazy\" decoding=\"async\" width=\"222\" height=\"119\" src=\"https:\/\/jointstories.eu\/wp-content\/uploads\/2023\/04\/Logo_UCLL_ENG_RGB_negatief.png\" class=\"elementor-animation-grow attachment-full size-full wp-image-2036\" alt=\"University of Applied Sciences\" srcset=\"https:\/\/jointstories.eu\/wp-content\/uploads\/2023\/04\/Logo_UCLL_ENG_RGB_negatief.png 222w, https:\/\/jointstories.eu\/wp-content\/uploads\/2023\/04\/Logo_UCLL_ENG_RGB_negatief-18x10.png 18w\" sizes=\"(max-width: 222px) 100vw, 222px\" \/>\t\t\t\t\t\t\t\t<\/a>\n\t\t\t\t\t\t\t\t\t\t\t<figcaption class=\"widget-image-caption wp-caption-text\"><\/figcaption>\n\t\t\t\t\t\t\t\t\t\t<\/figure>\n\t\t\t\t\t\t\t\t\t<\/div>\n\t\t\t\t\t<\/div>\n\t\t<\/div>\n\t\t\t\t<div class=\"elementor-column elementor-col-16 elementor-inner-column elementor-element elementor-element-6b830c4b\" data-id=\"6b830c4b\" data-element_type=\"column\" data-e-type=\"column\">\n\t\t\t<div class=\"elementor-widget-wrap elementor-element-populated\">\n\t\t\t\t\t\t<div class=\"elementor-element elementor-element-23863170 elementor-widget elementor-widget-image\" data-id=\"23863170\" data-element_type=\"widget\" data-e-type=\"widget\" data-widget_type=\"image.default\">\n\t\t\t\t\t\t\t\t\t\t\t\t\t\t\t\t<a href=\"https:\/\/cesie.org\/\" target=\"_blank\">\n\t\t\t\t\t\t\t<img loading=\"lazy\" decoding=\"async\" width=\"222\" height=\"119\" src=\"https:\/\/jointstories.eu\/wp-content\/uploads\/2023\/04\/cesie.png\" class=\"elementor-animation-grow attachment-full size-full wp-image-2039\" alt=\"Cesie\" srcset=\"https:\/\/jointstories.eu\/wp-content\/uploads\/2023\/04\/cesie.png 222w, https:\/\/jointstories.eu\/wp-content\/uploads\/2023\/04\/cesie-18x10.png 18w\" sizes=\"(max-width: 222px) 100vw, 222px\" \/>\t\t\t\t\t\t\t\t<\/a>\n\t\t\t\t\t\t\t\t\t\t\t\t\t\t\t<\/div>\n\t\t\t\t\t<\/div>\n\t\t<\/div>\n\t\t\t\t<div class=\"elementor-column elementor-col-16 elementor-inner-column elementor-element elementor-element-75eb7b53\" data-id=\"75eb7b53\" data-element_type=\"column\" data-e-type=\"column\">\n\t\t\t<div class=\"elementor-widget-wrap elementor-element-populated\">\n\t\t\t\t\t\t<div class=\"elementor-element elementor-element-711950e1 elementor-widget elementor-widget-image\" data-id=\"711950e1\" data-element_type=\"widget\" data-e-type=\"widget\" data-widget_type=\"image.default\">\n\t\t\t\t\t\t\t\t\t\t\t\t\t\t\t\t<a href=\"https:\/\/incoma-projects.eu\/\" target=\"_blank\">\n\t\t\t\t\t\t\t<img loading=\"lazy\" decoding=\"async\" width=\"222\" height=\"119\" src=\"https:\/\/jointstories.eu\/wp-content\/uploads\/2023\/04\/incoma.png\" class=\"elementor-animation-grow attachment-full size-full wp-image-2034\" alt=\"INCOMA\" srcset=\"https:\/\/jointstories.eu\/wp-content\/uploads\/2023\/04\/incoma.png 222w, https:\/\/jointstories.eu\/wp-content\/uploads\/2023\/04\/incoma-18x10.png 18w\" sizes=\"(max-width: 222px) 100vw, 222px\" \/>\t\t\t\t\t\t\t\t<\/a>\n\t\t\t\t\t\t\t\t\t\t\t\t\t\t\t<\/div>\n\t\t\t\t\t<\/div>\n\t\t<\/div>\n\t\t\t\t\t<\/div>\n\t\t<\/section>\n\t\t\t\t\t<\/div>\n\t\t<\/div>\n\t\t\t\t\t<\/div>\n\t\t<\/section>\n\t\t\t\t<section class=\"elementor-section elementor-top-section elementor-element elementor-element-c57cac7 elementor-section-boxed elementor-section-height-default elementor-section-height-default wpr-particle-no wpr-jarallax-no wpr-parallax-no wpr-sticky-section-no wpr-equal-height-no\" data-id=\"c57cac7\" data-element_type=\"section\" data-e-type=\"section\">\n\t\t\t\t\t\t<div class=\"elementor-container elementor-column-gap-default\">\n\t\t\t\t\t<div class=\"elementor-column elementor-col-100 elementor-top-column elementor-element elementor-element-509aab9\" data-id=\"509aab9\" data-element_type=\"column\" data-e-type=\"column\">\n\t\t\t<div class=\"elementor-widget-wrap\">\n\t\t\t\t\t\t\t<\/div>\n\t\t<\/div>\n\t\t\t\t\t<\/div>\n\t\t<\/section>\n\t\t\t\t<\/div>","protected":false},"excerpt":{"rendered":"<p>La migraci\u00f3n y los refugiados son temas de enorme importancia global. A pesar de<br \/>\nlas causas son diversas, como por ejemplo razones econ\u00f3micas, guerras,<br \/>\nproblemas medioambientales, etc., existe un deseo com\u00fan de una vida mejor. <\/p>","protected":false},"author":8,"featured_media":0,"comment_status":"open","ping_status":"open","sticky":false,"template":"","format":"standard","meta":{"site-sidebar-layout":"default","site-content-layout":"","ast-site-content-layout":"default","site-content-style":"default","site-sidebar-style":"default","ast-global-header-display":"","ast-banner-title-visibility":"","ast-main-header-display":"","ast-hfb-above-header-display":"","ast-hfb-below-header-display":"","ast-hfb-mobile-header-display":"","site-post-title":"","ast-breadcrumbs-content":"","ast-featured-img":"","footer-sml-layout":"","ast-disable-related-posts":"","theme-transparent-header-meta":"","adv-header-id-meta":"","stick-header-meta":"","header-above-stick-meta":"","header-main-stick-meta":"","header-below-stick-meta":"","astra-migrate-meta-layouts":"set","ast-page-background-enabled":"default","ast-page-background-meta":{"desktop":{"background-color":"","background-image":"","background-repeat":"repeat","background-position":"center center","background-size":"auto","background-attachment":"scroll","background-type":"","background-media":"","overlay-type":"","overlay-color":"","overlay-opacity":"","overlay-gradient":""},"tablet":{"background-color":"","background-image":"","background-repeat":"repeat","background-position":"center center","background-size":"auto","background-attachment":"scroll","background-type":"","background-media":"","overlay-type":"","overlay-color":"","overlay-opacity":"","overlay-gradient":""},"mobile":{"background-color":"","background-image":"","background-repeat":"repeat","background-position":"center center","background-size":"auto","background-attachment":"scroll","background-type":"","background-media":"","overlay-type":"","overlay-color":"","overlay-opacity":"","overlay-gradient":""}},"ast-content-background-meta":{"desktop":{"background-color":"var(--ast-global-color-5)","background-image":"","background-repeat":"repeat","background-position":"center center","background-size":"auto","background-attachment":"scroll","background-type":"","background-media":"","overlay-type":"","overlay-color":"","overlay-opacity":"","overlay-gradient":""},"tablet":{"background-color":"var(--ast-global-color-5)","background-image":"","background-repeat":"repeat","background-position":"center center","background-size":"auto","background-attachment":"scroll","background-type":"","background-media":"","overlay-type":"","overlay-color":"","overlay-opacity":"","overlay-gradient":""},"mobile":{"background-color":"var(--ast-global-color-5)","background-image":"","background-repeat":"repeat","background-position":"center center","background-size":"auto","background-attachment":"scroll","background-type":"","background-media":"","overlay-type":"","overlay-color":"","overlay-opacity":"","overlay-gradient":""}},"footnotes":""},"categories":[40],"tags":[],"class_list":["post-2809","post","type-post","status-publish","format-standard","hentry","category-blog"],"yoast_head":"<!-- This site is optimized with the Yoast SEO plugin v27.4 - https:\/\/yoast.com\/product\/yoast-seo-wordpress\/ -->\n<title>Successful Integration Process: What Significance Do the Functions of the Media Have in Relation to the Portrayal of Migration and Flight? - JeS<\/title>\n<meta name=\"description\" content=\"This blog explores the significant role of media in shaping public perceptions of migration and refugees. It discusses how media often perpetuates stereotypes and fosters division, hindering integration, and influencing societal views on migrants. The blog emphasizes the need for critical media consumption to counteract negative portrayals.\" \/>\n<meta name=\"robots\" content=\"index, follow, max-snippet:-1, max-image-preview:large, max-video-preview:-1\" \/>\n<link rel=\"canonical\" href=\"https:\/\/jointstories.eu\/es\/successful-integration-process-what-significance-do-the-functions-of-the-media-have-in-relation-to-the-portrayal-of-migration-and-flight\/\" \/>\n<meta property=\"og:locale\" content=\"es_ES\" \/>\n<meta property=\"og:type\" content=\"article\" \/>\n<meta property=\"og:title\" content=\"Successful Integration Process: What Significance Do the Functions of the Media Have in Relation to the Portrayal of Migration and Flight? - JeS\" \/>\n<meta property=\"og:description\" content=\"This blog explores the significant role of media in shaping public perceptions of migration and refugees. It discusses how media often perpetuates stereotypes and fosters division, hindering integration, and influencing societal views on migrants. The blog emphasizes the need for critical media consumption to counteract negative portrayals.\" \/>\n<meta property=\"og:url\" content=\"https:\/\/jointstories.eu\/es\/successful-integration-process-what-significance-do-the-functions-of-the-media-have-in-relation-to-the-portrayal-of-migration-and-flight\/\" \/>\n<meta property=\"og:site_name\" content=\"JeS\" \/>\n<meta property=\"article:publisher\" content=\"https:\/\/www.facebook.com\/RestARTcreativity\/\" \/>\n<meta property=\"article:published_time\" content=\"2024-05-08T08:48:17+00:00\" \/>\n<meta property=\"article:modified_time\" content=\"2025-04-08T09:32:00+00:00\" \/>\n<meta property=\"og:image\" content=\"https:\/\/jointstories.eu\/wp-content\/uploads\/2023\/04\/MAribor.png\" \/>\n<meta name=\"author\" content=\"Teniente Ripley\" \/>\n<meta name=\"twitter:card\" content=\"summary_large_image\" \/>\n<meta name=\"twitter:creator\" content=\"@restartproject4\" \/>\n<meta name=\"twitter:site\" content=\"@restartproject4\" \/>\n<meta name=\"twitter:label1\" content=\"Escrito por\" \/>\n\t<meta name=\"twitter:data1\" content=\"Teniente Ripley\" \/>\n\t<meta name=\"twitter:label2\" content=\"Tiempo de lectura\" \/>\n\t<meta name=\"twitter:data2\" content=\"6 minutos\" \/>\n<script type=\"application\/ld+json\" class=\"yoast-schema-graph\">{\"@context\":\"https:\\\/\\\/schema.org\",\"@graph\":[{\"@type\":\"Article\",\"@id\":\"https:\\\/\\\/jointstories.eu\\\/successful-integration-process-what-significance-do-the-functions-of-the-media-have-in-relation-to-the-portrayal-of-migration-and-flight\\\/#article\",\"isPartOf\":{\"@id\":\"https:\\\/\\\/jointstories.eu\\\/successful-integration-process-what-significance-do-the-functions-of-the-media-have-in-relation-to-the-portrayal-of-migration-and-flight\\\/\"},\"author\":{\"name\":\"Teniente Ripley\",\"@id\":\"https:\\\/\\\/jointstories.eu\\\/#\\\/schema\\\/person\\\/4c5b9fb9ee317663f945d9a9f4f4e76c\"},\"headline\":\"Successful Integration Process: What Significance Do the Functions of the Media Have in Relation to the Portrayal of Migration and Flight?\",\"datePublished\":\"2024-05-08T08:48:17+00:00\",\"dateModified\":\"2025-04-08T09:32:00+00:00\",\"mainEntityOfPage\":{\"@id\":\"https:\\\/\\\/jointstories.eu\\\/successful-integration-process-what-significance-do-the-functions-of-the-media-have-in-relation-to-the-portrayal-of-migration-and-flight\\\/\"},\"wordCount\":893,\"commentCount\":0,\"publisher\":{\"@id\":\"https:\\\/\\\/jointstories.eu\\\/#organization\"},\"image\":{\"@id\":\"https:\\\/\\\/jointstories.eu\\\/successful-integration-process-what-significance-do-the-functions-of-the-media-have-in-relation-to-the-portrayal-of-migration-and-flight\\\/#primaryimage\"},\"thumbnailUrl\":\"https:\\\/\\\/jointstories.eu\\\/wp-content\\\/uploads\\\/2023\\\/04\\\/MAribor.png\",\"articleSection\":[\"Blog\"],\"inLanguage\":\"es\",\"potentialAction\":[{\"@type\":\"CommentAction\",\"name\":\"Comment\",\"target\":[\"https:\\\/\\\/jointstories.eu\\\/successful-integration-process-what-significance-do-the-functions-of-the-media-have-in-relation-to-the-portrayal-of-migration-and-flight\\\/#respond\"]}]},{\"@type\":\"WebPage\",\"@id\":\"https:\\\/\\\/jointstories.eu\\\/successful-integration-process-what-significance-do-the-functions-of-the-media-have-in-relation-to-the-portrayal-of-migration-and-flight\\\/\",\"url\":\"https:\\\/\\\/jointstories.eu\\\/successful-integration-process-what-significance-do-the-functions-of-the-media-have-in-relation-to-the-portrayal-of-migration-and-flight\\\/\",\"name\":\"Successful Integration Process: What Significance Do the Functions of the Media Have in Relation to the Portrayal of Migration and Flight? - JeS\",\"isPartOf\":{\"@id\":\"https:\\\/\\\/jointstories.eu\\\/#website\"},\"primaryImageOfPage\":{\"@id\":\"https:\\\/\\\/jointstories.eu\\\/successful-integration-process-what-significance-do-the-functions-of-the-media-have-in-relation-to-the-portrayal-of-migration-and-flight\\\/#primaryimage\"},\"image\":{\"@id\":\"https:\\\/\\\/jointstories.eu\\\/successful-integration-process-what-significance-do-the-functions-of-the-media-have-in-relation-to-the-portrayal-of-migration-and-flight\\\/#primaryimage\"},\"thumbnailUrl\":\"https:\\\/\\\/jointstories.eu\\\/wp-content\\\/uploads\\\/2023\\\/04\\\/MAribor.png\",\"datePublished\":\"2024-05-08T08:48:17+00:00\",\"dateModified\":\"2025-04-08T09:32:00+00:00\",\"description\":\"This blog explores the significant role of media in shaping public perceptions of migration and refugees. It discusses how media often perpetuates stereotypes and fosters division, hindering integration, and influencing societal views on migrants. The blog emphasizes the need for critical media consumption to counteract negative portrayals.\",\"breadcrumb\":{\"@id\":\"https:\\\/\\\/jointstories.eu\\\/successful-integration-process-what-significance-do-the-functions-of-the-media-have-in-relation-to-the-portrayal-of-migration-and-flight\\\/#breadcrumb\"},\"inLanguage\":\"es\",\"potentialAction\":[{\"@type\":\"ReadAction\",\"target\":[\"https:\\\/\\\/jointstories.eu\\\/successful-integration-process-what-significance-do-the-functions-of-the-media-have-in-relation-to-the-portrayal-of-migration-and-flight\\\/\"]}]},{\"@type\":\"ImageObject\",\"inLanguage\":\"es\",\"@id\":\"https:\\\/\\\/jointstories.eu\\\/successful-integration-process-what-significance-do-the-functions-of-the-media-have-in-relation-to-the-portrayal-of-migration-and-flight\\\/#primaryimage\",\"url\":\"https:\\\/\\\/jointstories.eu\\\/wp-content\\\/uploads\\\/2023\\\/04\\\/MAribor.png\",\"contentUrl\":\"https:\\\/\\\/jointstories.eu\\\/wp-content\\\/uploads\\\/2023\\\/04\\\/MAribor.png\"},{\"@type\":\"BreadcrumbList\",\"@id\":\"https:\\\/\\\/jointstories.eu\\\/successful-integration-process-what-significance-do-the-functions-of-the-media-have-in-relation-to-the-portrayal-of-migration-and-flight\\\/#breadcrumb\",\"itemListElement\":[{\"@type\":\"ListItem\",\"position\":1,\"name\":\"Portada\",\"item\":\"https:\\\/\\\/jointstories.eu\\\/\"},{\"@type\":\"ListItem\",\"position\":2,\"name\":\"Successful Integration Process: What Significance Do the Functions of the Media Have in Relation to the Portrayal of Migration and Flight?\"}]},{\"@type\":\"WebSite\",\"@id\":\"https:\\\/\\\/jointstories.eu\\\/#website\",\"url\":\"https:\\\/\\\/jointstories.eu\\\/\",\"name\":\"JeS\",\"description\":\"Joint Stories: Journeys from fear to fair\",\"publisher\":{\"@id\":\"https:\\\/\\\/jointstories.eu\\\/#organization\"},\"potentialAction\":[{\"@type\":\"SearchAction\",\"target\":{\"@type\":\"EntryPoint\",\"urlTemplate\":\"https:\\\/\\\/jointstories.eu\\\/?s={search_term_string}\"},\"query-input\":{\"@type\":\"PropertyValueSpecification\",\"valueRequired\":true,\"valueName\":\"search_term_string\"}}],\"inLanguage\":\"es\"},{\"@type\":\"Organization\",\"@id\":\"https:\\\/\\\/jointstories.eu\\\/#organization\",\"name\":\"JeS\",\"url\":\"https:\\\/\\\/jointstories.eu\\\/\",\"logo\":{\"@type\":\"ImageObject\",\"inLanguage\":\"es\",\"@id\":\"https:\\\/\\\/jointstories.eu\\\/#\\\/schema\\\/logo\\\/image\\\/\",\"url\":\"https:\\\/\\\/jointstories.eu\\\/wp-content\\\/uploads\\\/2022\\\/05\\\/LogoHomeRestart1920x960.png\",\"contentUrl\":\"https:\\\/\\\/jointstories.eu\\\/wp-content\\\/uploads\\\/2022\\\/05\\\/LogoHomeRestart1920x960.png\",\"width\":1920,\"height\":960,\"caption\":\"JeS\"},\"image\":{\"@id\":\"https:\\\/\\\/jointstories.eu\\\/#\\\/schema\\\/logo\\\/image\\\/\"},\"sameAs\":[\"https:\\\/\\\/www.facebook.com\\\/RestARTcreativity\\\/\",\"https:\\\/\\\/x.com\\\/restartproject4\",\"https:\\\/\\\/www.instagram.com\\\/rest.artproject\\\/\",\"https:\\\/\\\/www.youtube.com\\\/channel\\\/UCn2A6wwqZxKR5Ss_sj4aBrQ\"]},{\"@type\":\"Person\",\"@id\":\"https:\\\/\\\/jointstories.eu\\\/#\\\/schema\\\/person\\\/4c5b9fb9ee317663f945d9a9f4f4e76c\",\"name\":\"Teniente Ripley\",\"image\":{\"@type\":\"ImageObject\",\"inLanguage\":\"es\",\"@id\":\"https:\\\/\\\/secure.gravatar.com\\\/avatar\\\/b81ee66d331fcad414f051ba9c311457006816aee9db788dbaf0084f0656cb6e?s=96&d=mm&r=g\",\"url\":\"https:\\\/\\\/secure.gravatar.com\\\/avatar\\\/b81ee66d331fcad414f051ba9c311457006816aee9db788dbaf0084f0656cb6e?s=96&d=mm&r=g\",\"contentUrl\":\"https:\\\/\\\/secure.gravatar.com\\\/avatar\\\/b81ee66d331fcad414f051ba9c311457006816aee9db788dbaf0084f0656cb6e?s=96&d=mm&r=g\",\"caption\":\"Teniente Ripley\"},\"url\":\"https:\\\/\\\/jointstories.eu\\\/es\\\/author\\\/pili-incoma\\\/\"}]}<\/script>\n<!-- \/ Yoast SEO plugin. -->","yoast_head_json":{"title":"Successful Integration Process: What Significance Do the Functions of the Media Have in Relation to the Portrayal of Migration and Flight? - JeS","description":"This blog explores the significant role of media in shaping public perceptions of migration and refugees. It discusses how media often perpetuates stereotypes and fosters division, hindering integration, and influencing societal views on migrants. The blog emphasizes the need for critical media consumption to counteract negative portrayals.","robots":{"index":"index","follow":"follow","max-snippet":"max-snippet:-1","max-image-preview":"max-image-preview:large","max-video-preview":"max-video-preview:-1"},"canonical":"https:\/\/jointstories.eu\/es\/successful-integration-process-what-significance-do-the-functions-of-the-media-have-in-relation-to-the-portrayal-of-migration-and-flight\/","og_locale":"es_ES","og_type":"article","og_title":"Successful Integration Process: What Significance Do the Functions of the Media Have in Relation to the Portrayal of Migration and Flight? - JeS","og_description":"This blog explores the significant role of media in shaping public perceptions of migration and refugees. It discusses how media often perpetuates stereotypes and fosters division, hindering integration, and influencing societal views on migrants. The blog emphasizes the need for critical media consumption to counteract negative portrayals.","og_url":"https:\/\/jointstories.eu\/es\/successful-integration-process-what-significance-do-the-functions-of-the-media-have-in-relation-to-the-portrayal-of-migration-and-flight\/","og_site_name":"JeS","article_publisher":"https:\/\/www.facebook.com\/RestARTcreativity\/","article_published_time":"2024-05-08T08:48:17+00:00","article_modified_time":"2025-04-08T09:32:00+00:00","og_image":[{"url":"https:\/\/jointstories.eu\/wp-content\/uploads\/2023\/04\/MAribor.png","type":"","width":"","height":""}],"author":"Teniente Ripley","twitter_card":"summary_large_image","twitter_creator":"@restartproject4","twitter_site":"@restartproject4","twitter_misc":{"Escrito por":"Teniente Ripley","Tiempo de lectura":"6 minutos"},"schema":{"@context":"https:\/\/schema.org","@graph":[{"@type":"Article","@id":"https:\/\/jointstories.eu\/successful-integration-process-what-significance-do-the-functions-of-the-media-have-in-relation-to-the-portrayal-of-migration-and-flight\/#article","isPartOf":{"@id":"https:\/\/jointstories.eu\/successful-integration-process-what-significance-do-the-functions-of-the-media-have-in-relation-to-the-portrayal-of-migration-and-flight\/"},"author":{"name":"Teniente Ripley","@id":"https:\/\/jointstories.eu\/#\/schema\/person\/4c5b9fb9ee317663f945d9a9f4f4e76c"},"headline":"Successful Integration Process: What Significance Do the Functions of the Media Have in Relation to the Portrayal of Migration and Flight?","datePublished":"2024-05-08T08:48:17+00:00","dateModified":"2025-04-08T09:32:00+00:00","mainEntityOfPage":{"@id":"https:\/\/jointstories.eu\/successful-integration-process-what-significance-do-the-functions-of-the-media-have-in-relation-to-the-portrayal-of-migration-and-flight\/"},"wordCount":893,"commentCount":0,"publisher":{"@id":"https:\/\/jointstories.eu\/#organization"},"image":{"@id":"https:\/\/jointstories.eu\/successful-integration-process-what-significance-do-the-functions-of-the-media-have-in-relation-to-the-portrayal-of-migration-and-flight\/#primaryimage"},"thumbnailUrl":"https:\/\/jointstories.eu\/wp-content\/uploads\/2023\/04\/MAribor.png","articleSection":["Blog"],"inLanguage":"es","potentialAction":[{"@type":"CommentAction","name":"Comment","target":["https:\/\/jointstories.eu\/successful-integration-process-what-significance-do-the-functions-of-the-media-have-in-relation-to-the-portrayal-of-migration-and-flight\/#respond"]}]},{"@type":"WebPage","@id":"https:\/\/jointstories.eu\/successful-integration-process-what-significance-do-the-functions-of-the-media-have-in-relation-to-the-portrayal-of-migration-and-flight\/","url":"https:\/\/jointstories.eu\/successful-integration-process-what-significance-do-the-functions-of-the-media-have-in-relation-to-the-portrayal-of-migration-and-flight\/","name":"Successful Integration Process: What Significance Do the Functions of the Media Have in Relation to the Portrayal of Migration and Flight? - JeS","isPartOf":{"@id":"https:\/\/jointstories.eu\/#website"},"primaryImageOfPage":{"@id":"https:\/\/jointstories.eu\/successful-integration-process-what-significance-do-the-functions-of-the-media-have-in-relation-to-the-portrayal-of-migration-and-flight\/#primaryimage"},"image":{"@id":"https:\/\/jointstories.eu\/successful-integration-process-what-significance-do-the-functions-of-the-media-have-in-relation-to-the-portrayal-of-migration-and-flight\/#primaryimage"},"thumbnailUrl":"https:\/\/jointstories.eu\/wp-content\/uploads\/2023\/04\/MAribor.png","datePublished":"2024-05-08T08:48:17+00:00","dateModified":"2025-04-08T09:32:00+00:00","description":"This blog explores the significant role of media in shaping public perceptions of migration and refugees. It discusses how media often perpetuates stereotypes and fosters division, hindering integration, and influencing societal views on migrants. The blog emphasizes the need for critical media consumption to counteract negative portrayals.","breadcrumb":{"@id":"https:\/\/jointstories.eu\/successful-integration-process-what-significance-do-the-functions-of-the-media-have-in-relation-to-the-portrayal-of-migration-and-flight\/#breadcrumb"},"inLanguage":"es","potentialAction":[{"@type":"ReadAction","target":["https:\/\/jointstories.eu\/successful-integration-process-what-significance-do-the-functions-of-the-media-have-in-relation-to-the-portrayal-of-migration-and-flight\/"]}]},{"@type":"ImageObject","inLanguage":"es","@id":"https:\/\/jointstories.eu\/successful-integration-process-what-significance-do-the-functions-of-the-media-have-in-relation-to-the-portrayal-of-migration-and-flight\/#primaryimage","url":"https:\/\/jointstories.eu\/wp-content\/uploads\/2023\/04\/MAribor.png","contentUrl":"https:\/\/jointstories.eu\/wp-content\/uploads\/2023\/04\/MAribor.png"},{"@type":"BreadcrumbList","@id":"https:\/\/jointstories.eu\/successful-integration-process-what-significance-do-the-functions-of-the-media-have-in-relation-to-the-portrayal-of-migration-and-flight\/#breadcrumb","itemListElement":[{"@type":"ListItem","position":1,"name":"Portada","item":"https:\/\/jointstories.eu\/"},{"@type":"ListItem","position":2,"name":"Successful Integration Process: What Significance Do the Functions of the Media Have in Relation to the Portrayal of Migration and Flight?"}]},{"@type":"WebSite","@id":"https:\/\/jointstories.eu\/#website","url":"https:\/\/jointstories.eu\/","name":"JeS","description":"Historias conjuntas: viajes del miedo a la feria","publisher":{"@id":"https:\/\/jointstories.eu\/#organization"},"potentialAction":[{"@type":"SearchAction","target":{"@type":"EntryPoint","urlTemplate":"https:\/\/jointstories.eu\/?s={search_term_string}"},"query-input":{"@type":"PropertyValueSpecification","valueRequired":true,"valueName":"search_term_string"}}],"inLanguage":"es"},{"@type":"Organization","@id":"https:\/\/jointstories.eu\/#organization","name":"JeS","url":"https:\/\/jointstories.eu\/","logo":{"@type":"ImageObject","inLanguage":"es","@id":"https:\/\/jointstories.eu\/#\/schema\/logo\/image\/","url":"https:\/\/jointstories.eu\/wp-content\/uploads\/2022\/05\/LogoHomeRestart1920x960.png","contentUrl":"https:\/\/jointstories.eu\/wp-content\/uploads\/2022\/05\/LogoHomeRestart1920x960.png","width":1920,"height":960,"caption":"JeS"},"image":{"@id":"https:\/\/jointstories.eu\/#\/schema\/logo\/image\/"},"sameAs":["https:\/\/www.facebook.com\/RestARTcreativity\/","https:\/\/x.com\/restartproject4","https:\/\/www.instagram.com\/rest.artproject\/","https:\/\/www.youtube.com\/channel\/UCn2A6wwqZxKR5Ss_sj4aBrQ"]},{"@type":"Person","@id":"https:\/\/jointstories.eu\/#\/schema\/person\/4c5b9fb9ee317663f945d9a9f4f4e76c","name":"Teniente Ripley","image":{"@type":"ImageObject","inLanguage":"es","@id":"https:\/\/secure.gravatar.com\/avatar\/b81ee66d331fcad414f051ba9c311457006816aee9db788dbaf0084f0656cb6e?s=96&d=mm&r=g","url":"https:\/\/secure.gravatar.com\/avatar\/b81ee66d331fcad414f051ba9c311457006816aee9db788dbaf0084f0656cb6e?s=96&d=mm&r=g","contentUrl":"https:\/\/secure.gravatar.com\/avatar\/b81ee66d331fcad414f051ba9c311457006816aee9db788dbaf0084f0656cb6e?s=96&d=mm&r=g","caption":"Teniente Ripley"},"url":"https:\/\/jointstories.eu\/es\/author\/pili-incoma\/"}]}},"_links":{"self":[{"href":"https:\/\/jointstories.eu\/es\/wp-json\/wp\/v2\/posts\/2809","targetHints":{"allow":["GET"]}}],"collection":[{"href":"https:\/\/jointstories.eu\/es\/wp-json\/wp\/v2\/posts"}],"about":[{"href":"https:\/\/jointstories.eu\/es\/wp-json\/wp\/v2\/types\/post"}],"author":[{"embeddable":true,"href":"https:\/\/jointstories.eu\/es\/wp-json\/wp\/v2\/users\/8"}],"replies":[{"embeddable":true,"href":"https:\/\/jointstories.eu\/es\/wp-json\/wp\/v2\/comments?post=2809"}],"version-history":[{"count":22,"href":"https:\/\/jointstories.eu\/es\/wp-json\/wp\/v2\/posts\/2809\/revisions"}],"predecessor-version":[{"id":3052,"href":"https:\/\/jointstories.eu\/es\/wp-json\/wp\/v2\/posts\/2809\/revisions\/3052"}],"wp:attachment":[{"href":"https:\/\/jointstories.eu\/es\/wp-json\/wp\/v2\/media?parent=2809"}],"wp:term":[{"taxonomy":"category","embeddable":true,"href":"https:\/\/jointstories.eu\/es\/wp-json\/wp\/v2\/categories?post=2809"},{"taxonomy":"post_tag","embeddable":true,"href":"https:\/\/jointstories.eu\/es\/wp-json\/wp\/v2\/tags?post=2809"}],"curies":[{"name":"gracias","href":"https:\/\/api.w.org\/{rel}","templated":true}]}}